{"id":2171,"date":"2024-07-09T20:13:20","date_gmt":"2024-07-09T20:13:20","guid":{"rendered":"https:\/\/kaancenkadasoy.com\/?p=2171"},"modified":"2025-07-22T16:15:45","modified_gmt":"2025-07-22T16:15:45","slug":"kibris-baris-harekatinin-izleri-ve-bugune-yansimalari","status":"publish","type":"post","link":"https:\/\/kaancenkadasoy.com\/en\/kibris-baris-harekatinin-izleri-ve-bugune-yansimalari\/","title":{"rendered":"K\u0131br\u0131s Bar\u0131\u015f Harek\u00e2t\u0131\u2019n\u0131n izleri ve bug\u00fcne yans\u0131malar\u0131"},"content":{"rendered":"<p><strong>\u201cO g\u00fcn, T\u00fcrk askerleri geldi\u011finde her \u015fey de\u011fi\u015fti. Bizim i\u00e7in bir kurtulu\u015f oldu ama&nbsp;beraberinde g\u00f6\u00e7 ve ayr\u0131l\u0131klar\u0131 da getirdi.\u201d<\/strong><\/p>\n\n\n\n<p><strong><em>Bir g\u00f6rg\u00fc tan\u0131\u011f\u0131n\u0131n ifadesi<\/em><\/strong><\/p>\n\n\n\n<p>Yar\u0131m as\u0131rl\u0131k bir s\u00fcrecin ard\u0131ndan, K\u0131br\u0131s Bar\u0131\u015f Harek\u00e2t\u0131&#8217;n\u0131n 50. y\u0131l d\u00f6n\u00fcm\u00fcne ula\u015fm\u0131\u015f bulunuyoruz. Bu kritik d\u00f6n\u00fcm noktas\u0131, g\u00f6rg\u00fc tan\u0131\u011f\u0131n\u0131n ifade etti\u011fi \u00fczere K\u0131br\u0131sl\u0131 T\u00fcrklerin varolu\u015f m\u00fccadelesinde bir mihenk ta\u015f\u0131 olmu\u015f ve Ada\u2019n\u0131n bug\u00fcnk\u00fc yap\u0131s\u0131n\u0131 \u015fekillendirmi\u015ftir. Ancak, bu tarihin ard\u0131nda yatan hik\u00e2ye, sadece bir askeri harek\u00e2t\u0131n \u00f6tesinde, derin siyasi ve sosyal dinamikleri i\u00e7ermektedir.<\/p>\n\n\n\n<h3 class=\"wp-block-heading\"><strong>Harek\u00e2t\u0131n \u00d6ncesi: Bir Ada, \u0130ki Toplum, Artan Gerilim<\/strong><\/h3>\n\n\n\n<p>1960 y\u0131l\u0131nda \u00fc\u00e7 \u00fclkeye garant\u00f6rl\u00fck hakk\u0131 verilmesi temelinde kurulan K\u0131br\u0131s Cumhuriyeti, 1950\u2019li y\u0131llar\u0131n i\u00e7 karma\u015fas\u0131n\u0131 ve s\u00f6m\u00fcrge d\u00f6nemini geride b\u0131rakarak, K\u0131br\u0131sl\u0131 T\u00fcrkler ve Rumlar aras\u0131nda n\u00fcfusa oranla bir g\u00fc\u00e7 payla\u015f\u0131m\u0131 sa\u011flamay\u0131 ama\u00e7lam\u0131\u015ft\u0131. Ancak, bu hedefe ula\u015fmak m\u00fcmk\u00fcn olmad\u0131. 1950\u2019lerde K\u0131br\u0131sl\u0131 Rumlar\u0131n ba\u011f\u0131ms\u0131zl\u0131k m\u00fccadelesinin ana s\u00fctunu olan Enosis (Yunanistan&#8217;a ilhak), b\u00fcy\u00fck bir k\u0131sm\u0131n\u0131n zihninde yer etmi\u015f ve K\u0131br\u0131sl\u0131 T\u00fcrklere y\u00f6nelik sald\u0131r\u0131lar giderek artm\u0131\u015ft\u0131. 1963&#8217;te ba\u015flayan Kanl\u0131 Noel olaylar\u0131, Ada\u2019da gerilimi t\u0131rmand\u0131rarak K\u0131br\u0131sl\u0131 T\u00fcrklerin izole gettolarda ya\u015famalar\u0131na neden oldu. Bu olaylar, iki toplum aras\u0131ndaki k\u0131r\u0131lman\u0131n derinle\u015fti\u011fi bir d\u00f6neme i\u015faret etmektedir.<\/p>\n\n\n\n<p>1974 y\u0131l\u0131na gelindi\u011finde, Ada\u2019daki tansiyon doruk noktas\u0131na ula\u015ft\u0131. 15 Temmuz 1974&#8217;te, Yunanistan&#8217;daki cunta taraf\u0131ndan desteklenen bir darbe ile Cumhurba\u015fkan\u0131 Makarios devrildi ve yerine Nikos Sampson getirildi. Bu darbe, Enosis hedefine y\u00f6nelik bir ad\u0131md\u0131 ve K\u0131br\u0131sl\u0131 T\u00fcrkler i\u00e7in ciddi bir tehdit olu\u015fturuyordu. Bu durumda, T\u00fcrkiye&#8217;nin m\u00fcdahalesi ka\u00e7\u0131n\u0131lmaz hale geldi.<\/p>\n\n\n\n<h3 class=\"wp-block-heading\"><strong>20 Temmuz 1974: Bar\u0131\u015f Harek\u00e2t\u0131 ve Sonu\u00e7lar\u0131<\/strong><\/h3>\n\n\n\n<p>Yo\u011fun bir diplomasi trafi\u011finin ard\u0131ndan 20 Temmuz 1974 sabah\u0131, T\u00fcrkiye garant\u00f6rl\u00fck hakk\u0131n\u0131 kullanarak K\u0131br\u0131s Bar\u0131\u015f Harek\u00e2t\u0131&#8217;n\u0131 ba\u015flatt\u0131. T\u00fcrk Silahl\u0131 Kuvvetleri, Ada\u2019ya havadan ve denizden \u00e7\u0131karma yaparak K\u0131br\u0131sl\u0131 T\u00fcrkleri koruma ve Ada\u2019ya bar\u0131\u015f\u0131 getirme amac\u0131 g\u00fctt\u00fc. \u0130lk a\u015famada, Girne-Lefko\u015fa hatt\u0131 kontrol alt\u0131na al\u0131nd\u0131 ve K\u0131br\u0131sl\u0131 T\u00fcrkler i\u00e7in g\u00fcvenli b\u00f6lgeler olu\u015fturuldu.<\/p>\n\n\n\n<p>\u0130kinci a\u015famada&nbsp;<strong>\u201cAy\u015fe tatile \u00e7\u0131ks\u0131n\u201d<\/strong>&nbsp;parolas\u0131yla 14-16 A\u011fustos tarihleri aras\u0131nda ger\u00e7ekle\u015ftirilen harek\u00e2t ise Ada\u2019n\u0131n kuzey k\u0131sm\u0131n\u0131n kontrol alt\u0131na al\u0131nmas\u0131n\u0131 sa\u011flad\u0131. Bu harek\u00e2t, sadece K\u0131br\u0131s T\u00fcrk halk\u0131n\u0131n g\u00fcvenli\u011fini sa\u011flamakla kalmad\u0131, ayn\u0131 zamanda Ada\u2019n\u0131n bug\u00fcnk\u00fc siyasi yap\u0131s\u0131n\u0131n temellerini att\u0131.<\/p>\n\n\n\n<p><strong>\u201cO g\u00fcn, evimizden ayr\u0131l\u0131rken hem umutlar\u0131m\u0131z hem de g\u00f6zya\u015flar\u0131m\u0131z vard\u0131. Ailemiz b\u00f6l\u00fcnm\u00fc\u015f oldu ama T\u00fcrkiye&#8217;nin burada olmas\u0131 bize g\u00fcven verdi.\u201d<\/strong><\/p>\n\n\n\n<p><strong><em>Bir ba\u015fka g\u00f6rg\u00fc tan\u0131\u011f\u0131n\u0131n g\u00fcnl\u00fc\u011f\u00fcnden<\/em><\/strong><\/p>\n\n\n\n<h3 class=\"wp-block-heading\"><strong>Siyasal Konjonkt\u00fcr ve Uluslararas\u0131 Tepkiler: Hakl\u0131 Bir M\u00fcdahale mi, Yoksa \u0130\u015fgal mi?<\/strong><\/h3>\n\n\n\n<p>Harek\u00e2t uluslararas\u0131 arenada farkl\u0131 tepkilere yol a\u00e7t\u0131. Birle\u015fmi\u015f Milletler ve bir\u00e7ok \u00fclke durumu diplomatik yollarla \u00e7\u00f6zmeye \u00e7al\u0131\u015f\u0131rken, T\u00fcrkiye&#8217;nin m\u00fcdahalesini k\u0131nayanlar da oldu. Ancak T\u00fcrkiye, K\u0131br\u0131s T\u00fcrklerinin maruz kald\u0131\u011f\u0131 bask\u0131 ve \u015fiddeti durdurmak i\u00e7in harek\u00e2t\u0131n gerekli oldu\u011funu savundu.&nbsp;<\/p>\n\n\n\n<p>T\u00fcrkiye ile Yunanistan aras\u0131ndaki ili\u015fkiler bu d\u00f6nemde olduk\u00e7a gerildi. Ancak zamanla uluslararas\u0131 toplum, K\u0131br\u0131s&#8217;taki T\u00fcrk toplumunun haklar\u0131n\u0131 ve g\u00fcvenli\u011fini sa\u011flama konusundaki me\u015fruiyetini kabul etmeye ba\u015flad\u0131. \u00d6yle ki, 573 say\u0131l\u0131 kararla Avrupa Konseyi ve 1979\u2019da Atina Y\u00fcksek Mahkemesi, T\u00fcrkiye\u2019nin 1974\u2019teki askeri m\u00fcdahalesinin yasal oldu\u011funu ilan etti.&nbsp;<\/p>\n\n\n\n<h3 class=\"wp-block-heading\"><strong>AB \u00dcyeli\u011finin Etkileri ve \u00c7\u00f6z\u00fcm Aray\u0131\u015f\u0131<\/strong><\/h3>\n\n\n\n<p>1993\u2019te G\u00fcney K\u0131br\u0131s, Avrupa Birli\u011fi&#8217;ne (AB) \u00fcyelik ba\u015fvurusunda bulunarak AB&#8217;yi K\u0131br\u0131s sorununun \u00e7\u00f6z\u00fcm\u00fcne d\u00e2hil etti. G\u00fcney K\u0131br\u0131s\u2019\u0131n, Annan Plan\u0131\u2019n\u0131n K\u0131br\u0131sl\u0131 T\u00fcrklerden \u00e7ok daha fazla getirisi olan Rumlar taraf\u0131ndan reddedilmesine ra\u011fmen 2004\u2019te gelen AB \u00fcyeli\u011fi, K\u0131br\u0131s sorununun \u00e7\u00f6z\u00fcm\u00fcn\u00fc daha da karma\u015f\u0131k hale getirdi. AB, G\u00fcney K\u0131br\u0131s\u2019\u0131 1960 Anayasas\u0131na ve Kopenhag Kriterlerine ayk\u0131r\u0131 olmas\u0131na ra\u011fmen \u00fcyesi olarak kabul ederek, Ada\u2019n\u0131n kuzeyinde s\u00f6z hakk\u0131 olmamas\u0131na kar\u015f\u0131n G\u00fcney K\u0131br\u0131s\u2019a t\u00fcm Ada\u2019y\u0131 temsil etme hakk\u0131n\u0131 tan\u0131d\u0131. Bu da K\u0131br\u0131sl\u0131 T\u00fcrklerin haklar\u0131n\u0131n g\u00f6z ard\u0131 edilmesine neden oldu.<\/p>\n\n\n\n<p><strong>\u201cAB \u00fcyeli\u011fi, Ada<\/strong>\u2019<strong>n\u0131n g\u00fcneyi i\u00e7in ekonomik f\u0131rsatlar sunmu\u015f olabilir, ancak K\u0131br\u0131s sorununun \u00e7\u00f6z\u00fcm\u00fcnde de zorluklar yaratm\u0131\u015ft\u0131r. \u0130ki toplum aras\u0131nda ger\u00e7ek bir uzla\u015fma sa\u011flanmadan,&nbsp;kal\u0131c\u0131 bir bar\u0131\u015f m\u00fcmk\u00fcn olmayacakt\u0131r.\u201d<\/strong><\/p>\n\n\n\n<p><strong><em>Bir di\u011fer g\u00f6rg\u00fc tan\u0131\u011f\u0131n\u0131n de\u011ferlendirmesi<\/em><\/strong><\/p>\n\n\n\n<h3 class=\"wp-block-heading\"><strong>Ba\u015far\u0131s\u0131z G\u00f6r\u00fc\u015fmeler ve Crans-Montana<\/strong><\/h3>\n\n\n\n<p>2004 ile 2017 y\u0131llar\u0131 aras\u0131nda, Crans-Montana m\u00fczakereleri sona erene kadar, K\u0131br\u0131s sorununa federal bir \u00e7\u00f6z\u00fcm modeli bulmak amac\u0131yla bir\u00e7ok g\u00f6r\u00fc\u015fme yap\u0131ld\u0131. Ancak, 2017&#8217;de d\u00f6nemin KKTC Cumhurba\u015fkan\u0131&nbsp;<a href=\"https:\/\/www.kibrispostasi.com\/keyword\/45\" target=\"_blank\" rel=\"noreferrer noopener\"><\/a><a href=\"https:\/\/www.kibrispostasi.com\/keyword\/45\" target=\"_blank\" rel=\"noreferrer noopener\"><\/a><a href=\"https:\/\/www.kibrispostasi.com\/keyword\/45\" target=\"_blank\" rel=\"noreferrer noopener\">Mustafa Ak\u0131nc\u0131<\/a>&#8216;n\u0131n bir\u00e7ok taviz vermesine ra\u011fmen, taraflar aras\u0131nda bir yak\u0131nla\u015fma sa\u011flanamad\u0131 ve hi\u00e7bir somut ilerleme kaydedilmeyerek g\u00f6r\u00fc\u015fmeler sonu\u00e7suz kald\u0131. Daha sonra iki taraf aras\u0131nda herhangi bir ciddi diyalog olmad\u0131.&nbsp;<\/p>\n\n\n\n<p>Son olarak, BM Genel Sekreteri Antonio Guterres\u2019in K\u0131br\u0131s m\u00fczakere s\u00fcrecinin yeniden ba\u015flamas\u0131 i\u00e7in ortak zemin olup olmad\u0131\u011f\u0131n\u0131 ara\u015ft\u0131rmak \u00fczere atad\u0131\u011f\u0131 Ki\u015fisel Temsilcisi Maria Angela Holguin\u2019in raporu do\u011frultusunda ortak zeminin olmad\u0131\u011f\u0131na karar verildi.<\/p>\n\n\n\n<p><strong>\u201cK\u0131br\u0131s T\u00fcrk halk\u0131n\u0131n bir referandumda s\u0131f\u0131r asker, s\u0131f\u0131r garantiye oy vermeyece\u011fini anlata anlata dilimizde t\u00fcy bitti. Bir t\u00fcrl\u00fc anlayamad\u0131lar.\u201d&nbsp;<\/strong><\/p>\n\n\n\n<p><strong><em><a href=\"https:\/\/www.kibrispostasi.com\/keyword\/45\" target=\"_blank\" rel=\"noreferrer noopener\"><\/a><a href=\"https:\/\/www.kibrispostasi.com\/keyword\/45\" target=\"_blank\" rel=\"noreferrer noopener\"><\/a><a href=\"https:\/\/www.kibrispostasi.com\/keyword\/45\" target=\"_blank\" rel=\"noreferrer noopener\">Mustafa Ak\u0131nc\u0131<\/a>, 4. Cumhurba\u015fkan\u0131<\/em><\/strong><\/p>\n\n\n\n<h3 class=\"wp-block-heading\"><strong>Bug\u00fcn: 50 Y\u0131l Sonra Harek\u00e2t\u0131n De\u011ferlendirilmesi ve Gelece\u011fe Bak\u0131\u015f<\/strong><\/h3>\n\n\n\n<p>Bug\u00fcn, K\u0131br\u0131s Bar\u0131\u015f Harek\u00e2t\u0131&#8217;n\u0131n 50. y\u0131l d\u00f6n\u00fcm\u00fcnde, yukar\u0131daki al\u0131nt\u0131dan anla\u015f\u0131laca\u011f\u0131 \u00fczere Ada\u2019da Rumlar\u0131n maksimalist talepleri ve K\u0131br\u0131s T\u00fcrk halk\u0131n\u0131 federatif bir yap\u0131da sindirme hedefleri nedeniyle hala bir \u00e7\u00f6z\u00fcme ula\u015f\u0131lmam\u0131\u015f olsa da, K\u0131br\u0131sl\u0131 T\u00fcrkler olarak varl\u0131\u011f\u0131m\u0131z\u0131 ve g\u00fcvenli\u011fimizi s\u00fcrd\u00fcr\u00fcyoruz. Bu noktada, K\u0131br\u0131s sorununun \u00e7\u00f6z\u00fcm\u00fcnde iki devletli bir yap\u0131n\u0131n en uygun \u00e7\u00f6z\u00fcm olaca\u011f\u0131n\u0131 vurgulamak tekrar \u00f6nemlidir. Nitekim 2017 y\u0131l\u0131na kadar federal \u00e7\u00f6z\u00fcm baz\u0131nda m\u00fczakerelere a\u00e7\u0131k olan T\u00fcrkiye ve KKTC h\u00fck\u00fcmetleri, son yar\u0131m as\u0131rda bu ba\u011flamda hi\u00e7bir mesafe katedilmedi\u011fi i\u00e7in art\u0131k Ada\u2019daki ger\u00e7eklere dayanan iki devletli bir \u00e7\u00f6z\u00fcm\u00fc benimsemi\u015flerdir.&nbsp;<\/p>\n\n\n\n<p>Bu benimseyi\u015f, T\u00fcrkiye Cumhurba\u015fkan\u0131 Recep Tayyip Erdo\u011fan&#8217;\u0131n 77. BM Genel Kurulunda &#8220;KKTC&#8217;yi tan\u0131y\u0131n&#8221; \u00e7a\u011fr\u0131s\u0131yla hayat bulmu\u015ftur. Ge\u00e7ti\u011fimiz hafta sonu T\u00fcrk Devletleri Te\u015fkilat\u0131&#8217;n\u0131n Gayriresmi D\u0131\u015fi\u015fleri Bakanlar\u0131 Konseyi Toplant\u0131s\u0131&#8217;nda T\u00fcrkiye D\u0131\u015fi\u015fleri Bakan\u0131 Hakan Fidan&#8217;\u0131n yapt\u0131\u011f\u0131 konu\u015fma, bu konudaki kararl\u0131l\u0131\u011f\u0131 bir kez daha g\u00f6zler \u00f6n\u00fcne sermi\u015ftir. Bakan Fidan, T\u00fcrk Devletleri Te\u015fkilat\u0131&#8217;na \u00fcye \u00fclkeleri K\u0131br\u0131s T\u00fcrk halk\u0131n\u0131n \u00f6zden gelen haklar\u0131n\u0131 on y\u0131llar sonra yeniden elde etmesi i\u00e7in destek vermeye \u00e7a\u011f\u0131rd\u0131. KKTC ile ticari ili\u015fkilerin art\u0131r\u0131lmas\u0131, do\u011frudan u\u00e7u\u015flar\u0131n ba\u015flat\u0131lmas\u0131 ve ticaret ofislerinin kurulmas\u0131 gibi somut ad\u0131mlar at\u0131lmas\u0131n\u0131n \u00f6nemine dikkat \u00e7ekti.<\/p>\n\n\n\n<p><strong>\u201c2022 y\u0131l\u0131nda TDT&#8217;ye \u2018g\u00f6zlemci \u00fcye\u2019 olan KKTC ile do\u011frudan temaslar kurulmas\u0131na b\u00fcy\u00fck \u00f6nem atfediyoruz. KKTC&#8217;nin TDT&#8217;de \u00fcst d\u00fczeyde ve uygun \u015fekilde temsiline \u00f6nem veriyoruz. Cumhurba\u015fkan\u0131 Say\u0131n Tatar&#8217;\u0131n bug\u00fcnk\u00fc zirveye kat\u0131l\u0131m\u0131, keza de\u011ferli meslekta\u015f\u0131m\u0131z&nbsp;<a href=\"https:\/\/www.kibrispostasi.com\/keyword\/106\" target=\"_blank\" rel=\"noreferrer noopener\"><\/a><a href=\"https:\/\/www.kibrispostasi.com\/keyword\/106\" target=\"_blank\" rel=\"noreferrer noopener\"><\/a><a href=\"https:\/\/www.kibrispostasi.com\/keyword\/106\" target=\"_blank\" rel=\"noreferrer noopener\">Tahsin Ertu\u011frulo\u011flu<\/a>&#8216;un bu toplant\u0131da aram\u0131zda bulunmas\u0131 son derece \u00f6nemlidir.\u201d<\/strong><\/p>\n\n\n\n<p><strong><em>Hakan Fidan, T\u00fcrkiye D\u0131\u015fi\u015fleri Bakan\u0131<\/em><\/strong><\/p>\n\n\n\n<p>Bu \u00e7er\u00e7evede, K\u0131br\u0131s Bar\u0131\u015f Harek\u00e2t\u0131&#8217;n\u0131n 50. y\u0131l d\u00f6n\u00fcm\u00fc, ge\u00e7mi\u015ften \u00e7\u0131kar\u0131lan dersleri hat\u0131rlamak ve gelece\u011fe umutla bakmak i\u00e7in \u00f6nemli bir f\u0131rsatt\u0131r. T\u00fcrk taraf\u0131n\u0131n, haklar\u0131n\u0131 savunma ve g\u00fcvenli\u011fini sa\u011flama konusunda kararl\u0131, ayn\u0131 zamanda bar\u0131\u015f\u00e7\u0131l bir \u00e7\u00f6z\u00fcm i\u00e7in diyalog ve i\u015f birli\u011fine de a\u00e7\u0131k oldu\u011fu her \u015feyiyle ortadad\u0131r. K\u0131br\u0131s\u2019\u0131n gelece\u011finin, iki toplumun e\u015fit haklara sahip oldu\u011fu ve bar\u0131\u015f i\u00e7inde bir arada ya\u015fad\u0131\u011f\u0131 bir \u00e7\u00f6z\u00fcmde yatt\u0131\u011f\u0131 da bir ger\u00e7ektir. Bunu anlamak i\u00e7in ne cumhurba\u015fkan\u0131 ne de yarg\u0131\u00e7 olmak gerekiyor\u2026<\/p>\n\n\n\n<p>*****<\/p>\n\n\n\n<p><strong>\u201cBu harek\u00e2t milletimize, b\u00fct\u00fcn K\u0131br\u0131sl\u0131lara ve insanl\u0131\u011fa hay\u0131rl\u0131 olsun. Umar\u0131m ki, kuvvetlerimize ate\u015f edilmez ve kanl\u0131 bir \u00e7at\u0131\u015fmaya yol a\u00e7\u0131lmaz. Biz asl\u0131nda sava\u015f i\u00e7in de\u011fil, T\u00fcrklere de Rumlara da bar\u0131\u015f getirmek i\u00e7in Ada<\/strong>\u2019<strong>ya gidiyoruz. Bu karara ancak b\u00fct\u00fcn diplomatik, politik yollar\u0131 denedikten sonra mecbur kalarak vard\u0131k.\u201d&nbsp;<\/strong><\/p>\n\n\n\n<p><strong><em>B\u00fclent Ecevit,<\/em><\/strong>&nbsp;<strong><em>16. T\u00fcrkiye Ba\u015fbakan\u0131<\/em><\/strong><\/p>\n\n\n\n<p><strong><a href=\"https:\/\/www.kibrispostasi.com\/c1-KIBRIS_POSTASI_GAZETESI\/j2669\/a41444-kibris-baris-harektinin-izleri-ve-bugune-yansimalari\" data-type=\"link\" data-id=\"https:\/\/www.kibrispostasi.com\/c1-KIBRIS_POSTASI_GAZETESI\/j2669\/a41444-kibris-baris-harektinin-izleri-ve-bugune-yansimalari\">K\u0131br\u0131s Postas\u0131<\/a><\/strong><\/p>\n\n\n\n<p><\/p>","protected":false},"excerpt":{"rendered":"<p>\u201cO g\u00fcn, T\u00fcrk askerleri geldi\u011finde her \u015fey de\u011fi\u015fti. Bizim i\u00e7in bir kurtulu\u015f oldu ama&nbsp;beraberinde g\u00f6\u00e7 ve ayr\u0131l\u0131klar\u0131 da getirdi.\u201d Bir [&hellip;]<\/p>\n","protected":false},"author":1,"featured_media":3166,"comment_status":"open","ping_status":"open","sticky":false,"template":"","format":"standard","meta":{"om_disable_all_campaigns":false,"_uf_show_specific_survey":0,"_uf_disable_surveys":false,"site-sidebar-layout":"default","site-content-layout":"","ast-site-content-layout":"default","site-content-style":"default","site-sidebar-style":"default","ast-global-header-display":"","ast-banner-title-visibility":"","ast-main-header-display":"","ast-hfb-above-header-display":"","ast-hfb-below-header-display":"","ast-hfb-mobile-header-display":"","site-post-title":"","ast-breadcrumbs-content":"","ast-featured-img":"disabled","footer-sml-layout":"","ast-disable-related-posts":"","theme-transparent-header-meta":"","adv-header-id-meta":"","stick-header-meta":"","header-above-stick-meta":"","header-main-stick-meta":"","header-below-stick-meta":"","astra-migrate-meta-layouts":"default","ast-page-background-enabled":"default","ast-page-background-meta":{"desktop":{"background-color":"var(--ast-global-color-4)","background-image":"","background-repeat":"repeat","background-position":"center center","background-size":"auto","background-attachment":"scroll","background-type":"","background-media":"","overlay-type":"","overlay-color":"","overlay-opacity":"","overlay-gradient":""},"tablet":{"background-color":"","background-image":"","background-repeat":"repeat","background-position":"center center","background-size":"auto","background-attachment":"scroll","background-type":"","background-media":"","overlay-type":"","overlay-color":"","overlay-opacity":"","overlay-gradient":""},"mobile":{"background-color":"","background-image":"","background-repeat":"repeat","background-position":"center center","background-size":"auto","background-attachment":"scroll","background-type":"","background-media":"","overlay-type":"","overlay-color":"","overlay-opacity":"","overlay-gradient":""}},"ast-content-background-meta":{"desktop":{"background-color":"var(--ast-global-color-5)","background-image":"","background-repeat":"repeat","background-position":"center center","background-size":"auto","background-attachment":"scroll","background-type":"","background-media":"","overlay-type":"","overlay-color":"","overlay-opacity":"","overlay-gradient":""},"tablet":{"background-color":"var(--ast-global-color-5)","background-image":"","background-repeat":"repeat","background-position":"center center","background-size":"auto","background-attachment":"scroll","background-type":"","background-media":"","overlay-type":"","overlay-color":"","overlay-opacity":"","overlay-gradient":""},"mobile":{"background-color":"var(--ast-global-color-5)","background-image":"","background-repeat":"repeat","background-position":"center center","background-size":"auto","background-attachment":"scroll","background-type":"","background-media":"","overlay-type":"","overlay-color":"","overlay-opacity":"","overlay-gradient":""}},"footnotes":""},"categories":[31],"tags":[],"class_list":["post-2171","post","type-post","status-publish","format-standard","has-post-thumbnail","hentry","category-kose-yazilari"],"_links":{"self":[{"href":"https:\/\/kaancenkadasoy.com\/en\/wp-json\/wp\/v2\/posts\/2171","targetHints":{"allow":["GET"]}}],"collection":[{"href":"https:\/\/kaancenkadasoy.com\/en\/wp-json\/wp\/v2\/posts"}],"about":[{"href":"https:\/\/kaancenkadasoy.com\/en\/wp-json\/wp\/v2\/types\/post"}],"author":[{"embeddable":true,"href":"https:\/\/kaancenkadasoy.com\/en\/wp-json\/wp\/v2\/users\/1"}],"replies":[{"embeddable":true,"href":"https:\/\/kaancenkadasoy.com\/en\/wp-json\/wp\/v2\/comments?post=2171"}],"version-history":[{"count":1,"href":"https:\/\/kaancenkadasoy.com\/en\/wp-json\/wp\/v2\/posts\/2171\/revisions"}],"predecessor-version":[{"id":2173,"href":"https:\/\/kaancenkadasoy.com\/en\/wp-json\/wp\/v2\/posts\/2171\/revisions\/2173"}],"wp:featuredmedia":[{"embeddable":true,"href":"https:\/\/kaancenkadasoy.com\/en\/wp-json\/wp\/v2\/media\/3166"}],"wp:attachment":[{"href":"https:\/\/kaancenkadasoy.com\/en\/wp-json\/wp\/v2\/media?parent=2171"}],"wp:term":[{"taxonomy":"category","embeddable":true,"href":"https:\/\/kaancenkadasoy.com\/en\/wp-json\/wp\/v2\/categories?post=2171"},{"taxonomy":"post_tag","embeddable":true,"href":"https:\/\/kaancenkadasoy.com\/en\/wp-json\/wp\/v2\/tags?post=2171"}],"curies":[{"name":"wp","href":"https:\/\/api.w.org\/{rel}","templated":true}]}}