{"id":2176,"date":"2024-06-25T06:35:00","date_gmt":"2024-06-25T06:35:00","guid":{"rendered":"https:\/\/kaancenkadasoy.com\/?p=2176"},"modified":"2025-07-22T18:06:43","modified_gmt":"2025-07-22T18:06:43","slug":"turkiyenin-beka-meselesi","status":"publish","type":"post","link":"https:\/\/kaancenkadasoy.com\/en\/turkiyenin-beka-meselesi\/","title":{"rendered":"T\u00fcrkiye\u2019nin beka meselesi"},"content":{"rendered":"<p>Ekonomik kriz ve dolay\u0131s\u0131yla sosyal huzurun bozulma tehdidinin yan\u0131 s\u0131ra bug\u00fcnlerde T\u00fcrkiye\u2019nin \u00e7ok b\u00fcy\u00fck iki sorunu vard\u0131r. Bunlardan biri farkl\u0131 uyru\u011fa sahip s\u0131\u011f\u0131nmac\u0131lar\u0131n sistematik bir \u015fekilde, kitleler halinde ve olabildi\u011fince yo\u011fun \u015fekilde \u00fclkeye g\u00f6\u00e7 etmesidir. Bir di\u011feri ise PKK destek\u00e7ilerinin baz\u0131 Bat\u0131l\u0131 devletlerin deste\u011fini arkas\u0131na alarak art\u0131k her yerde ve her platformda s\u00f6zde K\u00fcrdistan\u2019\u0131n kurulmas\u0131 taleplerini daha g\u00fcr bir \u015fekilde dile getirmesidir. Bu nedenle T\u00fcrkiye tarihinde hi\u00e7 olmad\u0131\u011f\u0131 kadar b\u00fcy\u00fck bir beka sorunuyla kar\u015f\u0131 kar\u015f\u0131yad\u0131r. Elbette benzer bir durum KKTC i\u00e7in de ge\u00e7erlidir. Fakat b\u00f6lge ve bizim i\u00e7in de kilit bir \u00fclke olan T\u00fcrkiye\u2019nin zora girmesi hepimizi do\u011frudan etkileyece\u011fi ve ancak T\u00fcrkiye g\u00fc\u00e7l\u00fc olduk\u00e7a bizdeki sorunlar da peyderpey \u00e7\u00f6z\u00fclebilece\u011fi i\u00e7in bu yaz\u0131y\u0131 aylar \u00f6ncesinden s\u00f6z verdi\u011fimiz \u00fczere anavatan i\u00e7in kaleme ald\u0131k.<\/p>\n\n\n\n<p>T\u00fcrkiye ne yaz\u0131k ki son y\u0131llarda eskisinden daha \u00e7ok b\u00f6l\u00fcc\u00fc hainleri besleyen ve onlarla asimetrik m\u00fccadele eden bir \u00fclke haline gelmi\u015ftir. \u00d6yle ki bir yandan T\u00fcrk Silahl\u0131 Kuvvetleri da\u011fda b\u00f6l\u00fcc\u00fc ter\u00f6r \u00f6rg\u00fct\u00fc PKK&#8217;yla m\u00fccadele ederek \u015fehit verirken di\u011fer yandan onun siyasi uzant\u0131lar\u0131 gerek TBMM\u2019de gerekse yerel y\u00f6netimde \u00fclkeye fiilen ve fikren meydan okuyor, \u00fclkenin kaynaklar\u0131n\u0131 \u201cTer\u00f6ristan\u201d\u0131n kurulmas\u0131 y\u00f6n\u00fcnde tahsis ediyor. Buna ra\u011fmen Anayasas\u0131 Mahkemesi\u2019nin, HDP ve DEM\u2019i kapatmamakta \u0131srar etmesi vicdana s\u0131\u011fmamaktad\u0131r. AYM bu tutumuna uzun bir s\u00fcredir ba\u011fl\u0131 kalsa da s\u00f6z\u00fc ge\u00e7en partilerin d\u00fcped\u00fcz ter\u00f6r \u00f6rg\u00fct\u00fcn\u00fcn siyasi aya\u011f\u0131 oldu\u011fu ger\u00e7e\u011fi de\u011fi\u015fmemektedir. \u00d6yle ya, ge\u00e7mi\u015fte yap\u0131lan polis bask\u0131nlar\u0131nda bu te\u015fkilatlara ait yerle\u015fkelerde Apo\u2019nun posterleri ve b\u00f6l\u00fcc\u00fc propaganda malzemeleri gibi ter\u00f6r \u00f6rg\u00fct\u00fcne ait bir\u00e7ok delil elde edilmi\u015fti. Bunun yan\u0131nda zaman\u0131nda partinin en \u00fcst kadrolar\u0131ndakilerin sarf ettikleri \u201cBa\u015fkan Apo\u2019nun heykelini dikece\u011fiz\u201d ve \u201cT\u00fcrkiye\u2019yi t\u00fck\u00fcr\u00fc\u011f\u00fcnde bo\u011faca\u011f\u0131z\u201d gibi ihanet dolu c\u00fcmleleri de unutmayal\u0131m. Nitekim bu partilere ait bireylerin T\u00fcrkiye Cumhuriyeti\u2019nin resmi makam arabalar\u0131yla da\u011fa para ve gen\u00e7leri ka\u00e7\u0131rd\u0131klar\u0131n\u0131, b\u00fcrolar\u0131nda gen\u00e7leri dev\u015firdiklerini, bundan birka\u00e7 sene \u00f6nce hendek kazmak suretiyle Do\u011fu ve G\u00fcneydo\u011fu Anadolu B\u00f6lgelerinde adeta i\u00e7 sava\u015f \u00e7\u0131kartt\u0131klar\u0131n\u0131 da hat\u0131rlayal\u0131m. Bu sebepten dolay\u0131 eski genel ba\u015fkanlar\u0131 ba\u015fta olmak \u00fczere bug\u00fcn bu partiyle iltisakl\u0131 bir\u00e7ok ki\u015fi cezaevindedir. En son birka\u00e7 hafta \u00f6nce Hakk\u00e2ri Belediye Ba\u015fkan\u0131 ayn\u0131 nedenlerden tutuklanm\u0131\u015f ve yerine \u0130\u00e7i\u015fleri Bakanl\u0131\u011f\u0131nca kayyum atanm\u0131\u015ft\u0131. Bu b\u00f6l\u00fcc\u00fc partinin di\u011fer illerde \u00e7\u0131kard\u0131\u011f\u0131 belediye ba\u015fkanlar\u0131 da ara\u015ft\u0131r\u0131ld\u0131\u011f\u0131nda, b\u00fcy\u00fck oranda ayn\u0131 su\u00e7lara bula\u015ft\u0131\u011f\u0131 g\u00f6r\u00fclebilir. O nedenle bu partinin galip geldi\u011fi bir\u00e7ok yerde ayn\u0131 tarifenin uygulanmas\u0131 hukuken ve vicdanen tercihten \u00e7ok bir zarurettir. Aksi takdirde T\u00fcrkiye hi\u00e7 u\u011fruna \u015fehit vermeye devam edecek ve ne yaz\u0131k ki dolayl\u0131 olarak \u015fehitlerin kan\u0131 yerde kalacakt\u0131r.<\/p>\n\n\n\n<p><strong>Parantez<\/strong>&nbsp;<\/p>\n\n\n\n<p>S\u00f6z\u00fc ge\u00e7en partinin gerek T\u00fcrkiye\u2019de gerekse KKTC\u2019de K\u00fcrtlerin temsilcisi oldu\u011funu \u00f6ne s\u00fcrerek ve s\u00f6z\u00fcm ona \u201cK\u00fcrt Sorunu\u201d sebebiyle onlar\u0131n mecliste yer almas\u0131 gerekti\u011fini savunarak bu yap\u0131y\u0131 me\u015frula\u015ft\u0131rmaya \u00e7al\u0131\u015fan, kendini ayd\u0131n zanneden tatl\u0131 su Atat\u00fcrk\u00e7\u00fclerine de yeri gelmi\u015fken iki \u00e7ift laf\u0131m\u0131z olacak.&nbsp;<\/p>\n\n\n\n<p>Yolundan gitti\u011finizi d\u00fc\u015f\u00fcnd\u00fc\u011f\u00fcn\u00fcz Atat\u00fcrk, alt\u0131 ilkesinden birini milliyet\u00e7ilik ilan ederek \u201cT\u00fcrk Milleti\u201d kavram\u0131n\u0131n farkl\u0131 etnik k\u00f6kenleri ayn\u0131 gaye etraf\u0131nda \u015fekillendi\u011fini vurgulamam\u0131\u015f m\u0131yd\u0131? (Ger\u00e7i Osmanl\u0131 d\u00f6neminde T\u00fcrkmenlerin \u00f6zellikle de Alevilerin K\u00fcrtle\u015fmi\u015f oldu\u011fu varsay\u0131l\u0131yor ki buna g\u00f6re K\u00fcrtlerin i\u00e7inde ciddi oranda asimile olmu\u015f T\u00fcrkmenler oldu\u011fundan yola \u00e7\u0131kabiliriz. Bkz: Martin Van Bruinessen\u2019in ilgili eserleri.) Bununla birlikte Atat\u00fcrk ayr\u0131\u015ft\u0131r\u0131c\u0131 ve b\u00f6l\u00fcc\u00fc ama\u00e7 g\u00fcden herkesle sonuna kadar kararl\u0131l\u0131kla m\u00fccadele etmemi\u015f miydi? Zaten K\u00fcrtler bug\u00fcn hemen her partide yer alm\u0131yor mu? T\u00fcrkiye\u2019de ge\u00e7mi\u015fte ve h\u00e2lihaz\u0131rda K\u00fcrt k\u00f6kenli cumhurba\u015fkan\u0131, ba\u015fbakan, bakan, meclis ba\u015fkan\u0131, milletvekili, M\u0130T ba\u015fkan\u0131 veya b\u00fcrokratlar devlet nezdinde g\u00f6rev almad\u0131 m\u0131 veya alm\u0131yor mu?&nbsp;<\/p>\n\n\n\n<p>K\u00fcrt \u00e7o\u011funlu\u011fu bu partileri kendi temsilcileri olarak kabul ediyor mu ki onlar\u0131 muhatap al\u0131yorsunuz? \u00c7ocuklar\u0131 da\u011fa ka\u00e7\u0131r\u0131lan Diyarbak\u0131r Annelerinin ve Almanya\u2019da Alman Ba\u015fbakan Ofisi \u00f6n\u00fcnde tek ba\u015f\u0131na eylemde bulunan Maide T\u00f6remi\u015f\u2019in feryatlar\u0131ndan hi\u00e7 mi haberdar de\u011filsiniz?&nbsp;<\/p>\n\n\n\n<p>Bak\u0131n\u0131z, a\u00e7\u0131k konu\u015fmak gerekirse T\u00fcrkiye\u2019de bir \u201cK\u00fcrt Sorunu\u201d yoktur. Sadece PKK\u2019n\u0131n ba\u015f\u0131n\u0131 \u00e7ekti\u011fi bir b\u00f6l\u00fcc\u00fcl\u00fck sorunu vard\u0131r. K\u00fcrtler zaman\u0131nda elbette b\u00fcy\u00fck zorluklar \u00e7ekmi\u015ftir, ancak Anadolu\u2019da ya\u015fayan bir\u00e7ok kavim ve kesim i\u00e7in de ayn\u0131s\u0131 ge\u00e7erlidir. Bunun i\u00e7in \u00fclkeyi payla\u015ft\u0131rmak m\u0131 gerekiyor? K\u00fcrtlere verilen her bir ayr\u0131cal\u0131k di\u011fer gruplar taraf\u0131ndan da er ya da ge\u00e7 talep edilecektir. Bu \u00fclkeyi geri d\u00f6n\u00fclmez bir \u00e7\u0131kmaza sokar. O nedenle yapmay\u0131n, efendiler! Ayr\u0131ca K\u00fcrtlere son 20 y\u0131lda tan\u0131nan haklar muhas\u0131r medeniyet seviyesinin \u00e7ok \u00fczerindedir. \u00dcstelik zaman\u0131nda Turgut \u00d6zal, Saddam H\u00fcseyin y\u00f6netimi alt\u0131nda zora giren Irak K\u00fcrtlerine bile \u00fcst\u00fcn yard\u0131mlarda, T\u00fcrkiye\u2019deyse K\u00fcrtlerin s\u0131k\u0131nt\u0131lar\u0131 bitmesi i\u00e7in \u00fcst\u00fcn hizmetlerde bulunmu\u015ftu. Hal b\u00f6yleyken daha neyin tart\u0131\u015fmas\u0131n\u0131 yap\u0131yoruz?&nbsp;<\/p>\n\n\n\n<p><strong>Son geli\u015fmeler<\/strong><\/p>\n\n\n\n<p>Gelgelelim son haftalardaki geli\u015fmelere. Genel \u00e7er\u00e7eveye bak\u0131ld\u0131\u011f\u0131nda T\u00fcrkiye\u2019de 2013 ile 2015 y\u0131llar\u0131 aras\u0131nda \u00fclkeyi bir felaketin e\u015fi\u011fine getiren s\u00f6zde \u00e7\u00f6z\u00fcm s\u00fcrecinin bir benzerinin bug\u00fcn de gayri resmi olarak ba\u015flad\u0131\u011f\u0131 anla\u015f\u0131l\u0131yor. Zaman\u0131nda PKK\u2019n\u0131n T\u00fcrkiye\u2019nin do\u011fusunda kimlik kontrolleri yapmas\u0131na ve \u201cT\u00fcrkiye\u2019de ikinci resmi dil K\u00fcrt\u00e7e olsun\u201d gibi taleplerin \u00f6ne \u00e7\u0131kar\u0131lmas\u0131na g\u00f6z yuman h\u00fck\u00fcmet, yerel se\u00e7imlerdeki ma\u011flubiyetin ard\u0131ndan maalesef b\u00f6l\u00fcc\u00fclere kar\u015f\u0131 sessizli\u011fe b\u00fcr\u00fcnm\u00fc\u015ft\u00fcr. \u00d6yle ki senelerdir yabanc\u0131 haber ajanslar\u0131n\u0131n ba\u015flatt\u0131\u011f\u0131 \u201cT\u00fcrkiyeli\u201d s\u00f6ylemi T\u00fcrkiye\u2019de \u015fu g\u00fcnlerde ana g\u00fcndem olmu\u015fken, PKK destek\u00e7ileri aslen ve uluslararas\u0131 k\u0131yasla herhangi bir kar\u015f\u0131l\u0131\u011f\u0131 olmayan \u201cT\u00fcrkiyeli\u201d kavram\u0131n\u0131 bilerek \u00f6ne s\u00fcrerken ve T\u00fcrkiye\u2019de kimliksizle\u015ftirme ile ink\u0131lab\u0131n alt\u0131 oyulmaya \u00e7al\u0131\u015f\u0131l\u0131rken h\u00fck\u00fcmetten bu konuyla ilgili herhangi bir sert ele\u015ftiri gelmemi\u015ftir. Ayn\u0131 \u015fekilde A Milli Tak\u0131m\u0131n\u0131n ge\u00e7ti\u011fimiz Cumartesi Portekiz\u2019e kar\u015f\u0131 ma\u011flubiyeti sonras\u0131nda HDP\u2019nin s\u00f6zde eski \u015e\u0131rnak milletvekilinin X\u2019te \u201cBiji Portekiz\u201d yazmas\u0131na da maalesef iktidar kanad\u0131ndan herhangi a\u011f\u0131r bir ele\u015ftiri yoktur.&nbsp;<\/p>\n\n\n\n<p>Bu ya\u015fananlardan cesaret toplayan b\u00f6l\u00fcc\u00fcler son g\u00fcnlerde gerek sosyal medyada gerekse sokak r\u00f6portajlar\u0131nda T\u00fcrkleri ve T\u00fcrk devletini alenen tehdit ederek s\u00f6zde K\u00fcrdistan fikrini y\u00fcceltecek a\u00e7\u0131klamalar yapmaya, hatta art\u0131k sadece Mezopotamya\u2019y\u0131 de\u011fil Mersin\u2019e ve Trabzon\u2019a kadar uzanan b\u00f6lgeyi kendilerine hak g\u00f6rd\u00fcklerini a\u00e7\u0131k\u00e7a beyan etmeye ba\u015flam\u0131\u015flard\u0131r. Bunun yan\u0131nda gerek yurt i\u00e7inde gerekse yurt d\u0131\u015f\u0131nda T\u00fcrk bayra\u011f\u0131na \u00e7irkin sald\u0131r\u0131lar yap\u0131lm\u0131\u015ft\u0131r. Hatta Do\u011fuda ge\u00e7en hafta \u00e7\u0131kan elim yang\u0131nda \u201cKatil devlet neredesin?\u201d gibi s\u00f6zler rahat\u00e7a sosyal medyada sarf edilmi\u015ftir. Buna kar\u015f\u0131n devlet taraf\u0131ndan bu tav\u0131rlara hi\u00e7bir m\u00fcdahalede bulunulmad\u0131\u011f\u0131 g\u00f6zlemlenmektedir. Bak\u0131n\u0131z a\u00e7\u0131k konu\u015fmak gerekirse burada verilen tavizlerin devam etmesi halinde T\u00fcrkiye\u2019yi \u00e7ok s\u0131k\u0131nt\u0131l\u0131 g\u00fcnler beklemektedir. \u00c7\u00fcnk\u00fc T\u00fcrkiye sadece i\u00e7eriden de\u011fil, \u201cBOP\u201dun mimar\u0131 ABD ve \u0130srail deste\u011fiyle Suriye\u2019de k\u00f6k salan ve g\u00fcn ge\u00e7tik\u00e7e devletle\u015fen YPG taraf\u0131ndan d\u0131\u015far\u0131dan da bir dar \u00e7emberin i\u00e7ine al\u0131nm\u0131\u015ft\u0131r. Ayn\u0131 \u015fekilde Irak da K\u00fcrtle\u015ftirilmeye \u00e7al\u0131\u015f\u0131lan ve adeta Misak-i Milli\u2019nin serhatlar\u0131 olan Irak T\u00fcrkmenlerinin maruz kald\u0131\u011f\u0131 bask\u0131y\u0131 da hat\u0131rlayal\u0131m.&nbsp;<\/p>\n\n\n\n<p>Tabii bunun yan\u0131nda Avrupa\u2019y\u0131 da unutmayal\u0131m. Avrupa Birli\u011fi (AB) \u00fclkelerinde K\u00fcrtlerin Suriye\u2019de T\u00fcrkiye taraf\u0131ndan katledildi\u011fi propagandas\u0131 yap\u0131larak, PKK\u2019n\u0131n AB kurumlar\u0131na Apo lehine afi\u015fler asmas\u0131na izin verilerek, hatta bas\u0131nda bilgiler \u00e7arp\u0131t\u0131larak K\u00fcrtlerin T\u00fcrkiye\u2019de insan haklar\u0131n\u0131n hi\u00e7birine sahip olmad\u0131\u011f\u0131 yalanlar\u0131 yay\u0131l\u0131yor. B\u00f6ylece T\u00fcrkiye a\u00e7\u0131k hedef olarak g\u00f6sterilebiliyor ve itibars\u0131zla\u015ft\u0131r\u0131lmaya \u00e7al\u0131\u015f\u0131l\u0131yor. \u0130slamofobinin ve yabanc\u0131 d\u00fc\u015fmanl\u0131\u011f\u0131n artt\u0131\u011f\u0131, T\u00fcrkiye\u2019deki bir K\u00fcrt kadar T\u00fcrklerin geni\u015f haklara sahip olmad\u0131\u011f\u0131 Avrupa taraf\u0131ndan bunlar\u0131n \u00f6ne s\u00fcr\u00fcl\u00fcyor olmas\u0131 tabii i\u015fin en ilgin\u00e7 taraf\u0131. Somut olarak konu\u015facak olursak mesela en az \u00fc\u00e7 bu\u00e7uk milyon T\u00fcrk\u00fcn ya\u015fad\u0131\u011f\u0131 Almanya\u2019da devlet taraf\u0131ndan hibe edilen resmi bir T\u00fcrk\u00e7e kanal\u0131 var m\u0131d\u0131r? Anadilde e\u011fitim sa\u011flanmakta m\u0131d\u0131r?&nbsp;<em>Berlin-Kreuzberg<\/em>&nbsp;haricinde hi\u00e7bir yerde \u00e7ift dilde tabelalar mevcut mudur? San\u0131r\u0131m bu sorular\u0131n cevab\u0131n\u0131n \u201cHay\u0131r\u201d oldu\u011funu a\u00e7\u0131k\u00e7a vurgulamak bile gerekmiyor. Ancak \u00fc\u00e7\u00fcnc\u00fc d\u00fcnya \u00fclkesi olarak lanse etmeye \u00e7al\u0131\u015ft\u0131klar\u0131 T\u00fcrkiye\u2019de bunlar\u0131n hepsi var. Buradan yola \u00e7\u0131karak AB\u2019nin tek hedefinin T\u00fcrkiye \u00fczerinden demagoji oldu\u011fu anla\u015f\u0131lmaktad\u0131r. Bunlar senelerdir bo\u015funa PKK\u2019n\u0131n kendi topraklar\u0131nda yap\u0131lanarak da\u011fa takviye sa\u011flamas\u0131na izin vermediler. Bunu birka\u00e7 g\u00fcn \u00f6nce yay\u0131mlanan Alman i\u00e7 istihbarat\u0131ndan sorumlu Federal Anayasay\u0131 Koruma Te\u015fkilat\u0131\u2019n\u0131n 2023 y\u0131l\u0131 raporu da rakamlarla g\u00f6zler \u00f6n\u00fcne sermektedir.&nbsp;<\/p>\n\n\n\n<p>T\u00fcm bunlar g\u00f6z \u00f6n\u00fcnde bulunduruldu\u011funda T\u00fcrkiye\u2019nin en yak\u0131n zamanda harekete ge\u00e7medi\u011fi takdirde \u00fclkenin er ya da ge\u00e7 bir beka sorunuyla y\u00fczle\u015fece\u011fi ac\u0131 bir ger\u00e7ektir. Bunun yan\u0131nda mevcut ekonomik \u015fartlar ve g\u00f6\u00e7ler bu sorunu daha da derinle\u015ftirecek birer unsurdur.&nbsp;<\/p>\n\n\n\n<p><strong>Tek \u00e7\u00f6z\u00fcm se\u00e7ene\u011fi&nbsp;<\/strong><\/p>\n\n\n\n<p>Peki, mevcut \u015fartlarda hangi yol haritas\u0131 izlenmeli? AYM\u2019nin giri\u015fte say\u0131lan partileri kapatmad\u0131\u011f\u0131 ve ilgililere siyasi men yasa\u011f\u0131 getirmedi\u011fi takdirde bu partilerle ili\u015fkili olan ve T\u00fcrkiye\u2019yi d\u00fc\u015fman ilan eden, ayn\u0131 \u015fekilde T\u00fcrk Milleti ve T\u00fcrk bayra\u011f\u0131yla bar\u0131\u015f\u0131k olmayan, ter\u00f6rle iltisakl\u0131 t\u00fcm ki\u015filerin vatanda\u015fl\u0131klar\u0131 iptal edilmelidir. Bu ki\u015filere kendi isteklerine ba\u011fl\u0131 olarak Kuzey Irak\u2019a g\u00f6\u00e7 yolu a\u00e7\u0131k tutulmal\u0131d\u0131r. Yine bunun yan\u0131nda Do\u011fu ve G\u00fcneydo\u011fu Anadolu B\u00f6lgelerine n\u00fcfus dengeleme politikalar\u0131 uygulanarak gerek yurtd\u0131\u015f\u0131ndan gerekse yurti\u00e7inden T\u00fcrkmen, T\u00fcrk, Uygur veya di\u011fer soyda\u015flar yerle\u015ftirilmelidir. Bunun yan\u0131nda PKK\u2019n\u0131n yay\u0131n organ\u0131 olan Rudaw ve benzerlerinin T\u00fcrkiye\u2019deki yay\u0131nlar\u0131 derhal sonland\u0131r\u0131lmal\u0131d\u0131r.&nbsp;<\/p>\n\n\n\n<p>AB Komisyonu\u2019ndaki g\u00f6revlerimiz s\u00fcresince bu ba\u011flamda tecr\u00fcbeler edinmi\u015f biri olarak bu yaz\u0131lanlar\u0131n ne \u0131rk\u00e7\u0131l\u0131k ne de ayr\u0131mc\u0131l\u0131k oldu\u011funu, bilakis AB\u2019de uygulanan politikalar\u0131n bir benzeri oldu\u011funu ve devlet politikas\u0131 olarak kritik bir stratejik ama\u00e7 ta\u015f\u0131d\u0131\u011f\u0131n\u0131 vurgulamak isterim. Bu tezlere T\u00fcrk bayra\u011f\u0131n\u0131 ve T\u00fcrkiye\u2019yi benimsemi\u015f samimi K\u00fcrt karde\u015flerimizin de destek verece\u011fine inanc\u0131m tamd\u0131r.&nbsp;<\/p>\n\n\n\n<p>*****<\/p>\n\n\n\n<p><strong>\u201cBelli bir s\u0131cakl\u0131\u011fa gelindi\u011fi zaman maden erir. Elmas ile k\u00f6m\u00fcr birbirinden ayr\u0131l\u0131r. S\u0131cakl\u0131\u011f\u0131n art\u0131\u015f\u0131 bir ayr\u0131\u015ft\u0131rma vesilesi olur. Bizim ya\u015fad\u0131\u011f\u0131m\u0131z hayat, kar\u015f\u0131m\u0131za \u00e7\u0131kan insanlar ve hadiseler de bize verilen bir s\u0131cakl\u0131kt\u0131r. Yeterli s\u0131cakl\u0131k derecesine ula\u015f\u0131nca kimin elmas kimin k\u00f6m\u00fcr oldu\u011fu h\u0131zla ortaya \u00e7\u0131kar\u2026\u201d<\/strong><\/p>\n\n\n\n<p><em>Mecit \u00d6m\u00fcr \u00d6zt\u00fcrk<\/em><\/p>\n\n\n\n<p><strong><a href=\"https:\/\/www.kibrispostasi.com\/c1-KIBRIS_POSTASI_GAZETESI\/j2669\/a41404-turkiyenin-beka-meselesi\" data-type=\"link\" data-id=\"https:\/\/www.kibrispostasi.com\/c1-KIBRIS_POSTASI_GAZETESI\/j2669\/a41404-turkiyenin-beka-meselesi\">K\u0131br\u0131s Postas\u0131 <\/a><\/strong><\/p>\n\n\n\n<p><\/p>","protected":false},"excerpt":{"rendered":"<p>Ekonomik kriz ve dolay\u0131s\u0131yla sosyal huzurun bozulma tehdidinin yan\u0131 s\u0131ra bug\u00fcnlerde T\u00fcrkiye\u2019nin \u00e7ok b\u00fcy\u00fck iki sorunu vard\u0131r. Bunlardan biri farkl\u0131 [&hellip;]<\/p>\n","protected":false},"author":1,"featured_media":3179,"comment_status":"open","ping_status":"open","sticky":false,"template":"","format":"standard","meta":{"om_disable_all_campaigns":false,"_uf_show_specific_survey":0,"_uf_disable_surveys":false,"site-sidebar-layout":"default","site-content-layout":"","ast-site-content-layout":"default","site-content-style":"default","site-sidebar-style":"default","ast-global-header-display":"","ast-banner-title-visibility":"","ast-main-header-display":"","ast-hfb-above-header-display":"","ast-hfb-below-header-display":"","ast-hfb-mobile-header-display":"","site-post-title":"","ast-breadcrumbs-content":"","ast-featured-img":"disabled","footer-sml-layout":"","ast-disable-related-posts":"","theme-transparent-header-meta":"","adv-header-id-meta":"","stick-header-meta":"","header-above-stick-meta":"","header-main-stick-meta":"","header-below-stick-meta":"","astra-migrate-meta-layouts":"default","ast-page-background-enabled":"default","ast-page-background-meta":{"desktop":{"background-color":"var(--ast-global-color-4)","background-image":"","background-repeat":"repeat","background-position":"center center","background-size":"auto","background-attachment":"scroll","background-type":"","background-media":"","overlay-type":"","overlay-color":"","overlay-opacity":"","overlay-gradient":""},"tablet":{"background-color":"","background-image":"","background-repeat":"repeat","background-position":"center center","background-size":"auto","background-attachment":"scroll","background-type":"","background-media":"","overlay-type":"","overlay-color":"","overlay-opacity":"","overlay-gradient":""},"mobile":{"background-color":"","background-image":"","background-repeat":"repeat","background-position":"center center","background-size":"auto","background-attachment":"scroll","background-type":"","background-media":"","overlay-type":"","overlay-color":"","overlay-opacity":"","overlay-gradient":""}},"ast-content-background-meta":{"desktop":{"background-color":"var(--ast-global-color-5)","background-image":"","background-repeat":"repeat","background-position":"center center","background-size":"auto","background-attachment":"scroll","background-type":"","background-media":"","overlay-type":"","overlay-color":"","overlay-opacity":"","overlay-gradient":""},"tablet":{"background-color":"var(--ast-global-color-5)","background-image":"","background-repeat":"repeat","background-position":"center center","background-size":"auto","background-attachment":"scroll","background-type":"","background-media":"","overlay-type":"","overlay-color":"","overlay-opacity":"","overlay-gradient":""},"mobile":{"background-color":"var(--ast-global-color-5)","background-image":"","background-repeat":"repeat","background-position":"center center","background-size":"auto","background-attachment":"scroll","background-type":"","background-media":"","overlay-type":"","overlay-color":"","overlay-opacity":"","overlay-gradient":""}},"footnotes":""},"categories":[31],"tags":[],"class_list":["post-2176","post","type-post","status-publish","format-standard","has-post-thumbnail","hentry","category-kose-yazilari"],"_links":{"self":[{"href":"https:\/\/kaancenkadasoy.com\/en\/wp-json\/wp\/v2\/posts\/2176","targetHints":{"allow":["GET"]}}],"collection":[{"href":"https:\/\/kaancenkadasoy.com\/en\/wp-json\/wp\/v2\/posts"}],"about":[{"href":"https:\/\/kaancenkadasoy.com\/en\/wp-json\/wp\/v2\/types\/post"}],"author":[{"embeddable":true,"href":"https:\/\/kaancenkadasoy.com\/en\/wp-json\/wp\/v2\/users\/1"}],"replies":[{"embeddable":true,"href":"https:\/\/kaancenkadasoy.com\/en\/wp-json\/wp\/v2\/comments?post=2176"}],"version-history":[{"count":1,"href":"https:\/\/kaancenkadasoy.com\/en\/wp-json\/wp\/v2\/posts\/2176\/revisions"}],"predecessor-version":[{"id":2178,"href":"https:\/\/kaancenkadasoy.com\/en\/wp-json\/wp\/v2\/posts\/2176\/revisions\/2178"}],"wp:featuredmedia":[{"embeddable":true,"href":"https:\/\/kaancenkadasoy.com\/en\/wp-json\/wp\/v2\/media\/3179"}],"wp:attachment":[{"href":"https:\/\/kaancenkadasoy.com\/en\/wp-json\/wp\/v2\/media?parent=2176"}],"wp:term":[{"taxonomy":"category","embeddable":true,"href":"https:\/\/kaancenkadasoy.com\/en\/wp-json\/wp\/v2\/categories?post=2176"},{"taxonomy":"post_tag","embeddable":true,"href":"https:\/\/kaancenkadasoy.com\/en\/wp-json\/wp\/v2\/tags?post=2176"}],"curies":[{"name":"wp","href":"https:\/\/api.w.org\/{rel}","templated":true}]}}