{"id":2349,"date":"2022-11-23T20:02:00","date_gmt":"2022-11-23T20:02:00","guid":{"rendered":"https:\/\/kaancenkadasoy.com\/?p=2349"},"modified":"2024-10-04T20:10:47","modified_gmt":"2024-10-04T20:10:47","slug":"kktc-ve-turk-devletleri-teskilati","status":"publish","type":"post","link":"https:\/\/kaancenkadasoy.com\/en\/kktc-ve-turk-devletleri-teskilati\/","title":{"rendered":"KKTC ve T\u00fcrk Devletleri Te\u015fkilat\u0131"},"content":{"rendered":"<p>De\u011ferli okurlar, uzun bir aradan sonra tekrar sizlerle birlikte olmaktan b\u00fcy\u00fck memnuniyet duydu\u011fumu belirtmek ister ve bu vesileyle s\u00f6zlerimin hemen ba\u015f\u0131nda ge\u00e7ti\u011fimiz hafta KKTC\u2019nin kurulu\u015funun 39. seneidevriyesine tekab\u00fcl eden 15 Kas\u0131m Cumhuriyet Bayram\u0131\u2019n\u0131z\u0131 tebrik ederim. Sevgili okurlar, biliyorsunuz haf\u0131za-i be\u015fer nisyan ile maluld\u00fcr. O nedenle haf\u0131zalar\u0131m\u0131z\u0131 tazeleme f\u0131rsat\u0131n\u0131 buldu\u011fumuz bu g\u00fcnler, inan\u0131yorum ki adadaki var olma m\u00fccadelemizi ve Kuzey K\u0131br\u0131s T\u00fcrk Cumhuriyeti\u2019nin kurulu\u015f tarihini hat\u0131rlayarak \u00fclkemizin k\u0131ymetini bir kez daha do\u011fru alg\u0131lamam\u0131za sebep olacakt\u0131r. Zira bug\u00fcn K\u0131br\u0131s\u2019ta kendi devletimizin \u00e7at\u0131s\u0131 alt\u0131nda ya\u015famam\u0131z asla tabii ve tesad\u00fcf de\u011fildir. Aksine atalar\u0131m\u0131z\u0131n ge\u00e7mi\u015fte verdi\u011fi b\u00fcy\u00fck imtihanlar\u0131n, emek ve fedak\u00e2rl\u0131klar\u0131n bir sonucudur. O nedenle bizlere miras b\u0131rak\u0131lan bu \u00f6nemli emanete can\u0131m\u0131z pahas\u0131na sahip \u00e7\u0131kmam\u0131z ve onu \u00e7ok daha ileriye ta\u015f\u0131mam\u0131z gerekti\u011fine inan\u0131yor ve bunu ecdad\u0131m\u0131za bir ahde vefa borcu olarak de\u011ferlendiriyorum. 15 Kas\u0131m\u2019da KKTC\u2019nin T\u00fcrk Devletleri Te\u015fkilat\u0131\u2019na (TDT) g\u00f6zlemci \u00fcye olarak kat\u0131lmas\u0131n\u0131 da bu vefan\u0131n \u00f6nemli bir ba\u015flang\u0131c\u0131 olarak g\u00f6r\u00fcyorum. Bu sebeple de bu haftaki k\u00f6\u015femizde bu konuyu ele almaya karar verdik.<\/p>\n\n\n\n<p>K\u0131ymetli okurlar, biliyorum ki sadece giri\u015fteki bu sat\u0131rlar\u0131 okuyan \u00fclkemizdeki malum kesim yazd\u0131klar\u0131m\u0131zdan yine epeyi rahats\u0131zl\u0131k duyacak ve bu m\u00fcnasebetle ileri geri yorumlarda bulunacaklard\u0131r. Fakat bunlar\u0131n s\u00f6ylediklerine art\u0131k ben kulak asm\u0131yorum, \u00fclkece de asmamam\u0131z gerekti\u011fini d\u00fc\u015f\u00fcn\u00fcyorum. Zira yeri gelince dilinden Atat\u00fcrk\u2019\u00fc, Denkta\u015f\u2019\u0131 ve K\u00fc\u00e7\u00fck\u2019\u00fc d\u00fc\u015f\u00fcrmeyen, \u00fclkeyi y\u00f6netmeye talip olan ama ayn\u0131 zamanda KKTC\u2019ye topyek\u00fbn kar\u015f\u0131 \u00e7\u0131kan bu de\u011fi\u015fken ruh halinin zaten sa\u011fl\u0131kl\u0131 kararlar veremeyece\u011fi veya a\u00e7\u0131klamalarda bulunamayaca\u011f\u0131 a\u00e7\u0131kt\u0131r. O nedenle bunlar\u0131n \u00f6zellikle son aylarda yapt\u0131klar\u0131 s\u00f6zl\u00fc ve fiziki eylemlerinden yola \u00e7\u0131karak pek de ciddiye al\u0131nacak taraflar\u0131 kan\u0131mca kalmam\u0131\u015ft\u0131r. \u00d6yle ki bunlar daha ge\u00e7ti\u011fimiz hafta KKTC\u2019nin T\u00fcrk Devletleri Te\u015fkilat\u0131\u2019na g\u00f6zlemci \u00fcye olarak kat\u0131lmas\u0131n\u0131n hemen ard\u0131ndan AB\u2019den gelen sert k\u0131nama mesajlar\u0131na cevaben K\u0131br\u0131s T\u00fcrk\u2019\u00fcne kar\u015f\u0131 hasmane tutumunu s\u00fcrd\u00fcren AB\u2019nin saflar\u0131nda kay\u0131ts\u0131z \u015farts\u0131z yer ald\u0131klar\u0131n\u0131 a\u00e7\u0131klamalar\u0131yla bir kez daha ispatlam\u0131\u015flard\u0131r. Peki ya bu tutumlar\u0131 vatana ihanet de\u011fildir de nedir? Bu kesim acaba ni\u00e7in 2004\u2019te Annan Plan\u0131\u2019na kar\u015f\u0131 \u00e7\u0131kan ve Kopenhag Kriterleri ile (tarihteki ortak) K\u0131br\u0131s Cumhuriyeti\u2019nin anayasas\u0131na ayk\u0131r\u0131 olmas\u0131na ra\u011fmen Rumlar\u0131n AB\u2019ye al\u0131nmas\u0131n\u0131 bug\u00fcne kadar bir kez olsun ele\u015ftirmediler?<\/p>\n\n\n\n<p>\u0130\u015flerine gelmeyince T\u00fcrkiye\u2019yi ele\u015ftirerek Ankara\u2019y\u0131 kendi egemenliklerine sayg\u0131 duymaya \u00e7a\u011f\u0131ran ve b\u00f6ylece milli bir duru\u015f sergiledi\u011fini sanan, i\u015flerine gelince ve \u00f6zellikle s\u00f6z konusu Bat\u0131 olunca egemenliklerinden hemen de vazge\u00e7meye haz\u0131r olduklar\u0131n\u0131 tak\u0131nd\u0131klar\u0131 tav\u0131rlarla her f\u0131rsatta kan\u0131tlayan bu malum kesim ne kadar da g\u00fcl\u00fcn\u00e7 duruma d\u00fc\u015ft\u00fc\u011f\u00fcn\u00fcn maalesef fark\u0131nda bile de\u011fil. Anavatandan akan para ve gelen \u00fcr\u00fcnlerle s\u00fcrekli kendi varl\u0131klar\u0131n\u0131 art\u0131ran, (krizlere ra\u011fmen uluslararas\u0131 k\u0131yasla) y\u00fcksek ya\u015fam kalitesine sahip olan (D\u00fcnyay\u0131 s\u00fcrekli gezen ve AB fon dairesinde finans alan\u0131nda y\u00f6neticilik yapm\u0131\u015f birisi olarak bunu teyit ederim) ve \u015fatafat i\u00e7inde ya\u015fad\u0131\u011f\u0131n\u0131n fark\u0131nda bile olmayan bu kesim, belli ki oturdu\u011fu dal\u0131 kesmekte kararl\u0131d\u0131r. \u0130\u015fin ilgin\u00e7 taraf\u0131 bunlar\u0131n i\u00e7eride oldu\u011fu gibi yurtd\u0131\u015f\u0131na kar\u015f\u0131 da y\u00fcr\u00fctt\u00fckleri t\u00fcm alg\u0131 operasyonlar\u0131na ra\u011fmen, ge\u00e7enlerde G\u00fcney\u2019den \u00fclkemize gelen bir Rum\u2019un Girne\u2019deki bir mek\u00e2nda arkada\u015f\u0131ma \u201cBiz sizlerin burada bask\u0131 ve sefalet i\u00e7inde ya\u015fad\u0131\u011f\u0131n\u0131 d\u00fc\u015f\u00fcn\u00fcyor ve o nedenle T\u00fcrk askerinin kuzeyden \u00e7ekilmesini savunuyorduk. Fakat siz bizden \u00e7ok daha g\u00fczel bir hayat s\u00fcr\u00fcyormu\u015fsunuz\u201d diyerek KKTC\u2019ye kar\u015f\u0131 hayranl\u0131\u011f\u0131n\u0131 dile getirmi\u015f olmas\u0131d\u0131r. Ne \u00fcz\u00fcc\u00fcd\u00fcr ki (\u00fclkedeki t\u00fcm sosyoekonomik s\u0131k\u0131nt\u0131lara ra\u011fmen) buradan anla\u015f\u0131laca\u011f\u0131 \u00fczere samimi olan Rumlar bile bizdeki sol y\u00f6neticilere nazaran ve ra\u011fmen ger\u00e7ekleri daha net g\u00f6r\u00fcyor, hatta onlardan daha milli bir duru\u015f sergileyebiliyor. Bu da malum kafan\u0131n \u00fclkemiz i\u00e7in ne b\u00fcy\u00fck bir utan\u00e7 kayna\u011f\u0131 oldu\u011funu somut olarak kan\u0131tlamaktad\u0131r.<\/p>\n\n\n\n<p>De\u011ferli okurlar, bu kesim son g\u00fcnlerde kafay\u0131 TDT\u2019ye epeyi takm\u0131\u015f durumda. \u00d6yle ki ge\u00e7ti\u011fimiz hafta T\u00fcrkiye\u2019nin \u00e7abalar\u0131 sonucu KKTC\u2019nin T\u00fcrk Devletleri Te\u015fkilat\u0131\u2019na \u00fcye olmas\u0131na ili\u015fkin kararla kendi ak\u0131llar\u0131nca alay etmeye ba\u015flad\u0131lar. \u00d6nce \u00fcyelik prosed\u00fcr\u00fc uzay\u0131nca \u201cBak, \u00d6zbekistan karardan vazge\u00e7ti\u201d dediler. \u00dcyeli\u011fin resmiyete kavu\u015fmas\u0131n\u0131n ard\u0131ndan da \u201cKat\u0131ld\u0131k da ne oldu? \u0130slam \u0130\u015fbirli\u011fi Te\u015fkilat\u0131\u2019na (\u0130\u0130T) da \u00fcyeyiz ama de\u011fi\u015fen hi\u00e7 bir \u015fey yok. Ne de b\u00fcy\u00fck bir ba\u015far\u0131\u201d gibi k\u00fc\u00e7\u00fcmseyici a\u00e7\u0131klamalarda bulundular. Ancak inan\u0131yorum ki bug\u00fcne kadar oldu\u011fu gibi bu sefer de bunlar\u0131n hevesi yine kursaklar\u0131nda kalacak ve bunlar bir kez daha hayal k\u0131r\u0131kl\u0131\u011f\u0131na u\u011frayacaklard\u0131r. \u00c7\u00fcnk\u00fc KKTC\u2019nin TDT\u2019ye kat\u0131lmas\u0131 s\u0131radan bir olay de\u011fildir. \u00d6yle olsayd\u0131 Avrupa Birli\u011fi k\u0131sa zaman i\u00e7erisinde bu hadiseye sert tepki g\u00f6stermezdi. Ayr\u0131ca bu \u00fcyelik \u0130slam \u0130\u015fbirli\u011fi Te\u015fkilat\u0131\u2019na olan \u00fcyeli\u011fimizle kar\u015f\u0131la\u015ft\u0131r\u0131lamayacak kadar b\u00fcy\u00fck farkl\u0131l\u0131klar ta\u015f\u0131maktad\u0131r. \u00c7\u00fcnk\u00fc iki organizasyonun ama\u00e7 ve hedefleri ba\u015fkad\u0131r.<\/p>\n\n\n\n<p>\u0130slami de\u011ferlerin muhafazas\u0131n\u0131 ve \u0130slam devletlerinin dayan\u0131\u015fmas\u0131n\u0131 g\u00fc\u00e7lendirmeyi ama\u00e7layan \u0130\u0130T\u2019nin aksine T\u00fcrk Devletleri Te\u015fkilat\u0131, AB \u00fclkesi olan Macaristan\u2019\u0131n da dahil oldu\u011fu T\u00fcrk devletlerinin entegrasyonunu sa\u011flamay\u0131 hedefleyen ve jeopolitik denge politikas\u0131 g\u00fcden uluslararas\u0131 bir platformdur. KKTC\u2019nin daha \u00e7ok manevi bir yap\u0131 olan \u0130\u0130T\u2019ye kar\u015f\u0131n b\u00f6ylesi bir stratejik ve siyaset a\u011f\u0131rl\u0131kl\u0131 organizasyona kat\u0131lmas\u0131 varl\u0131\u011f\u0131n\u0131 uluslararas\u0131 camiaya yava\u015f yava\u015f kabul ettiriyor anlam\u0131na gelmektedir ki bu da elbette \u00e7ok \u00f6nemli bir geli\u015fmedir. Zira \u00fclkemiz bundan b\u00f6yle TDT\u2019nin zirvelerinde boy g\u00f6stererek hem te\u015fkilat\u0131n ald\u0131\u011f\u0131 kararlara katk\u0131 verecek hem de bu ba\u011flamda kendi g\u00f6r\u00fc\u015flerini farkl\u0131 bir \u00e7apta d\u00fcnya kamuoyuna duyurabilecektir. \u00dcstelik zirvelerde KKTC yetkililerinin di\u011fer yedi \u00fclkenin temsilcileriyle veya ortak \u00f6rg\u00fctlerin \u00fcye \u00fclkeleriyle yak\u0131n temas sa\u011flamas\u0131n\u0131n olumlu getirileri olaca\u011f\u0131 \u015f\u00fcphesizdir. \u00d6yle ki TDT\u2019ye \u00fcyeli\u011fin tescillenmesinden sonra ilk olumlu geli\u015fme ge\u00e7ti\u011fimiz hafta uluslararas\u0131 bas\u0131n\u0131n haberleriyle vuku bulmu\u015ftur.&nbsp; Buradan yola \u00e7\u0131karak TDT\u2019ye \u00fcyeli\u011fin \u00f6n\u00fcm\u00fczdeki s\u00fcre\u00e7te \u00e7ok farkl\u0131 getirilerinin olaca\u011f\u0131n\u0131 anlamak pek de zor de\u011fildir.<\/p>\n\n\n\n<p>Son olarak \u015funu da belirtmek isterim ki KKTC, TDT\u2019ye g\u00f6zlemci \u00fcye oldu\u011fu i\u00e7in elbette bug\u00fcnden yar\u0131na \u00fcye ve ba\u015fka devletler taraf\u0131ndan hemen tan\u0131nmayacakt\u0131r. Aksine bizi bekleyen uzun ve me\u015fakkatli bir s\u00fcre\u00e7 vard\u0131r. Ancak bu ad\u0131m\u0131n T\u00fcrkiye Cumhurba\u015fkan\u0131 Recep Tayyip Erdo\u011fan\u2019\u0131n BM Genel Kurulu k\u00fcrs\u00fcs\u00fcnden d\u00fcnyaya bulundu\u011fu \u00e7a\u011fr\u0131dan sonra tan\u0131nmaya giden yolda yap\u0131lan en b\u00fcy\u00fck hamle oldu\u011funu anlamam\u0131z laz\u0131m. T\u00fcrk Devletleri Te\u015fkilat\u0131\u2019n\u0131n T\u00fcrk cumhuriyetlerinin stratejik co\u011frafi konumlar\u0131, T\u00fcrkiye ile Azerbaycan\u2019\u0131n giderek \u00f6nem kazanan d\u0131\u015f politikas\u0131 ve askeri g\u00fcc\u00fc sayesinde \u00f6n\u00fcm\u00fczdeki y\u0131llarda b\u00f6lge jeopoliti\u011fini de\u011fi\u015ftirebilecek seviyeye ula\u015fmas\u0131 ve d\u00fcnya sahnesinde ra\u011fbet g\u00f6rmesi halinde KKTC\u2019nin de bundan nasibini alarak farkl\u0131 bir konuma y\u00fckselmesi, ilk \u00f6nce te\u015fkilata \u00fcye olan devletler taraf\u0131ndan tan\u0131nmas\u0131 da ger\u00e7ek\u00e7idir. Zira KKTC\u2019yi resmen tan\u0131yan devletler olas\u0131 bir yapt\u0131r\u0131m tehdidini o saatten sonra cayd\u0131r\u0131c\u0131 bulmayacaklard\u0131r. Bu kervana dost devletlerin de bilahare kat\u0131lmas\u0131 olduk\u00e7a olas\u0131d\u0131r. O nedenle de bu geli\u015fmelerin AB ile kendi \u00fclkesine ve \u00f6z de\u011ferlerine uzak kalm\u0131\u015f malum kesimi tedirgin etmesini anl\u0131yoruz. Ancak Lefko\u015fa\u2019ya yap\u0131lan yeni cumhurba\u015fkanl\u0131\u011f\u0131 yerle\u015fkesi ve TDT\u2019ye g\u00f6zlemci \u00fcye olmam\u0131zla birlikte birileri anlamak istemese de elli y\u0131ld\u0131r Rum\u2019un&nbsp;<em>Megali Idea<\/em>&nbsp;hayalleri ve maksimalist talepleri y\u00fcz\u00fcnden y\u0131lan hikayesine d\u00f6nen federal \u00e7\u00f6z\u00fcm tart\u0131\u015fmalar\u0131 da art\u0131k geride kalm\u0131\u015ft\u0131r. Bunu malum kesim ne kadar h\u0131zl\u0131 anlarsa toplum olarak o kadar \u00e7ok rahat ederiz.<\/p>\n\n\n\n<p>Bu d\u00fc\u015f\u00fcncelerle s\u00f6zlerime son verirken dijital yay\u0131nc\u0131l\u0131\u011f\u0131n \u00f6nc\u00fcs\u00fc ve toplumumuzun g\u00f6z bebe\u011fi haline gelen K\u0131br\u0131s Postas\u0131\u2019n\u0131n 21. kurulu\u015f y\u0131l d\u00f6n\u00fcm\u00fcn\u00fc en i\u00e7ten duygular\u0131mla kutluyor ve \u00fc\u00e7 hafta sonra yarg\u0131 alan\u0131nda \u00e7ok \u00f6nemli bir konuyla tekrar g\u00f6r\u00fc\u015fmek \u00fczere sevgilerimi ve sayg\u0131lar\u0131m\u0131 sunuyorum.&nbsp;<\/p>\n\n\n\n<p>*****<\/p>\n\n\n\n<p>Bu haftan\u0131n s\u00f6z\u00fc:<\/p>\n\n\n\n<p><strong>B\u00f6l\u00fc\u015f\u00fcrsek tok oluruz, b\u00f6l\u00fcn\u00fcrsek yok oluruz.&nbsp;<\/strong><\/p>\n\n\n\n<p><em>Yunus Emre<\/em><\/p>\n\n\n\n<p><strong><a href=\"https:\/\/www.kibrispostasi.com\/c1-KIBRIS_POSTASI_GAZETESI\/j2669\/a39662-kktc-ve-turk-devletleri-teskilati\" data-type=\"link\" data-id=\"https:\/\/www.kibrispostasi.com\/c1-KIBRIS_POSTASI_GAZETESI\/j2669\/a39662-kktc-ve-turk-devletleri-teskilati\">K\u0131br\u0131s Postas\u0131<\/a><\/strong><\/p>\n\n\n\n<p><\/p>","protected":false},"excerpt":{"rendered":"<p>De\u011ferli okurlar, uzun bir aradan sonra tekrar sizlerle birlikte olmaktan b\u00fcy\u00fck memnuniyet duydu\u011fumu belirtmek ister ve bu vesileyle s\u00f6zlerimin hemen [&hellip;]<\/p>\n","protected":false},"author":1,"featured_media":2352,"comment_status":"open","ping_status":"open","sticky":false,"template":"","format":"standard","meta":{"om_disable_all_campaigns":false,"_uf_show_specific_survey":0,"_uf_disable_surveys":false,"site-sidebar-layout":"default","site-content-layout":"","ast-site-content-layout":"default","site-content-style":"default","site-sidebar-style":"default","ast-global-header-display":"","ast-banner-title-visibility":"","ast-main-header-display":"","ast-hfb-above-header-display":"","ast-hfb-below-header-display":"","ast-hfb-mobile-header-display":"","site-post-title":"","ast-breadcrumbs-content":"","ast-featured-img":"disabled","footer-sml-layout":"","ast-disable-related-posts":"","theme-transparent-header-meta":"","adv-header-id-meta":"","stick-header-meta":"","header-above-stick-meta":"","header-main-stick-meta":"","header-below-stick-meta":"","astra-migrate-meta-layouts":"default","ast-page-background-enabled":"default","ast-page-background-meta":{"desktop":{"background-color":"var(--ast-global-color-4)","background-image":"","background-repeat":"repeat","background-position":"center center","background-size":"auto","background-attachment":"scroll","background-type":"","background-media":"","overlay-type":"","overlay-color":"","overlay-opacity":"","overlay-gradient":""},"tablet":{"background-color":"","background-image":"","background-repeat":"repeat","background-position":"center center","background-size":"auto","background-attachment":"scroll","background-type":"","background-media":"","overlay-type":"","overlay-color":"","overlay-opacity":"","overlay-gradient":""},"mobile":{"background-color":"","background-image":"","background-repeat":"repeat","background-position":"center center","background-size":"auto","background-attachment":"scroll","background-type":"","background-media":"","overlay-type":"","overlay-color":"","overlay-opacity":"","overlay-gradient":""}},"ast-content-background-meta":{"desktop":{"background-color":"var(--ast-global-color-5)","background-image":"","background-repeat":"repeat","background-position":"center center","background-size":"auto","background-attachment":"scroll","background-type":"","background-media":"","overlay-type":"","overlay-color":"","overlay-opacity":"","overlay-gradient":""},"tablet":{"background-color":"var(--ast-global-color-5)","background-image":"","background-repeat":"repeat","background-position":"center center","background-size":"auto","background-attachment":"scroll","background-type":"","background-media":"","overlay-type":"","overlay-color":"","overlay-opacity":"","overlay-gradient":""},"mobile":{"background-color":"var(--ast-global-color-5)","background-image":"","background-repeat":"repeat","background-position":"center center","background-size":"auto","background-attachment":"scroll","background-type":"","background-media":"","overlay-type":"","overlay-color":"","overlay-opacity":"","overlay-gradient":""}},"footnotes":""},"categories":[31],"tags":[],"class_list":["post-2349","post","type-post","status-publish","format-standard","has-post-thumbnail","hentry","category-kose-yazilari"],"_links":{"self":[{"href":"https:\/\/kaancenkadasoy.com\/en\/wp-json\/wp\/v2\/posts\/2349","targetHints":{"allow":["GET"]}}],"collection":[{"href":"https:\/\/kaancenkadasoy.com\/en\/wp-json\/wp\/v2\/posts"}],"about":[{"href":"https:\/\/kaancenkadasoy.com\/en\/wp-json\/wp\/v2\/types\/post"}],"author":[{"embeddable":true,"href":"https:\/\/kaancenkadasoy.com\/en\/wp-json\/wp\/v2\/users\/1"}],"replies":[{"embeddable":true,"href":"https:\/\/kaancenkadasoy.com\/en\/wp-json\/wp\/v2\/comments?post=2349"}],"version-history":[{"count":1,"href":"https:\/\/kaancenkadasoy.com\/en\/wp-json\/wp\/v2\/posts\/2349\/revisions"}],"predecessor-version":[{"id":2351,"href":"https:\/\/kaancenkadasoy.com\/en\/wp-json\/wp\/v2\/posts\/2349\/revisions\/2351"}],"wp:featuredmedia":[{"embeddable":true,"href":"https:\/\/kaancenkadasoy.com\/en\/wp-json\/wp\/v2\/media\/2352"}],"wp:attachment":[{"href":"https:\/\/kaancenkadasoy.com\/en\/wp-json\/wp\/v2\/media?parent=2349"}],"wp:term":[{"taxonomy":"category","embeddable":true,"href":"https:\/\/kaancenkadasoy.com\/en\/wp-json\/wp\/v2\/categories?post=2349"},{"taxonomy":"post_tag","embeddable":true,"href":"https:\/\/kaancenkadasoy.com\/en\/wp-json\/wp\/v2\/tags?post=2349"}],"curies":[{"name":"wp","href":"https:\/\/api.w.org\/{rel}","templated":true}]}}