{"id":2960,"date":"2025-04-29T04:29:22","date_gmt":"2025-04-29T04:29:22","guid":{"rendered":"https:\/\/kaancenkadasoy.com\/?p=2960"},"modified":"2025-04-30T04:49:59","modified_gmt":"2025-04-30T04:49:59","slug":"kendimize-gelelim","status":"publish","type":"post","link":"https:\/\/kaancenkadasoy.com\/en\/kendimize-gelelim\/","title":{"rendered":"Kendimize Gelelim!"},"content":{"rendered":"<p>De\u011ferli okurlar, birka\u00e7 haftal\u0131k aran\u0131n ard\u0131ndan yeniden bu k\u00f6\u015fede sizlerle bulu\u015fman\u0131n mutlulu\u011funu ya\u015f\u0131yorum. \u00dclke g\u00fcndemini adeta esir alan ba\u015f\u00f6rt\u00fcs\u00fc meselesine ili\u015fkin kaleme ald\u0131\u011f\u0131m son yaz\u0131y\u0131, geli\u015fen son dakika olaylar\u0131 nedeniyle Pandora yerine farkl\u0131 bir mecrada yay\u0131mlamaya karar verdim. Bu sebeple buradaki ara biraz uzam\u0131\u015f oldu. Ancak s\u00f6z konusu yaz\u0131ya ve di\u011fer makalelerime ki\u015fisel web sitem \u00fczerinden eri\u015febilece\u011finizi de tekraren bilginize sunmak isterim:&nbsp;<a href=\"https:\/\/kaancenkadasoy.com\/en\/ozgurluk\/\">https:\/\/kaancenkadasoy.com\/ozgurluk\/<\/a>.<\/p>\n\n\n\n<p>A\u00e7\u0131k\u00e7as\u0131, son haftalarda g\u00fcndemi takip edenlerin b\u00fcy\u00fck bir olas\u0131l\u0131kla hayretler i\u00e7erisinde kald\u0131\u011f\u0131n\u0131 s\u00f6ylemek yanl\u0131\u015f olmaz. Bir yandan ba\u015f\u00f6rt\u00fcs\u00fc meselesi \u00fczerinden ortal\u0131k aya\u011fa kald\u0131r\u0131l\u0131rken, di\u011fer yandan gerek \u00fc\u00e7 T\u00fcrk devletinin G\u00fcney&#8217;de att\u0131\u011f\u0131 ad\u0131mlar, gerekse G\u00fcney&#8217;den \u00f6zellikle Paskalya d\u00f6neminde gelen a\u00e7\u0131klamalar, hem bas\u0131nda hem de halk aras\u0131nda tam anlam\u0131yla bir bilgi kaosuna yol a\u00e7m\u0131\u015ft\u0131r. Bu nedenle, bu haftaki yaz\u0131 s\u00f6z konusu geli\u015fmeleri merkeze alarak \u015fekillendi.<\/p>\n\n\n\n<p><strong>T\u00fcrk Devletlerinin G\u00fcney K\u0131br\u0131s\u2019a B\u00fcy\u00fckel\u00e7i Atamalar\u0131<\/strong><\/p>\n\n\n\n<p>Yaz\u0131ya, \u00d6zbekistan&#8217;\u0131n (Aral\u0131k), Kazakistan&#8217;\u0131n (\u015eubat) ve T\u00fcrkmenistan&#8217;\u0131n (Mart ay\u0131nda) Avrupa Birli\u011fi-Orta Asya Zirvesi \u00f6ncesinde ve zirve kapsam\u0131nda imzalanan anla\u015fmalar ile yakla\u015f\u0131k 12 milyar avro de\u011ferindeki yat\u0131r\u0131mlar \u00e7er\u00e7evesinde G\u00fcney&#8217;e b\u00fcy\u00fckel\u00e7i atamalar\u0131yla ba\u015flayal\u0131m.<\/p>\n\n\n\n<p>Bilindi\u011fi \u00fczere, Orta Asya&#8217;daki T\u00fcrk devletleri Sovyetler Birli\u011fi&#8217;nin da\u011f\u0131lmas\u0131n\u0131n ard\u0131ndan ba\u011f\u0131ms\u0131zl\u0131klar\u0131n\u0131 ilan etmi\u015f ve G\u00fcney K\u0131br\u0131s taraf\u0131ndan da tan\u0131nm\u0131\u015flard\u0131r. Bu tan\u0131man\u0131n ard\u0131ndan, Orta Asya T\u00fcrk devletleri 1990&#8217;l\u0131 y\u0131llardan itibaren bir\u00e7ok \u00fclkeyle oldu\u011fu gibi G\u00fcney K\u0131br\u0131s ile de diplomatik ili\u015fkiler kurmaya ba\u015flam\u0131\u015ft\u0131r.<\/p>\n\n\n\n<p>Dolay\u0131s\u0131yla, san\u0131ld\u0131\u011f\u0131 gibi bu T\u00fcrk devletleri G\u00fcney&#8217;deki y\u00f6netimi yeni tan\u0131m\u0131\u015f de\u011fildir; bu ad\u0131m, zaten uzun s\u00fcredir var olan bir ili\u015fkiyi yat\u0131r\u0131m ve \u00fclke \u00e7\u0131karlar\u0131 do\u011frultusunda yaln\u0131zca daha g\u00f6r\u00fcn\u00fcr ve resm\u00ee bir hale getirmi\u015ftir. Bu nedenle meseleyi, T\u00fcrkiye ba\u011flam\u0131ndan ve KKTC ger\u00e7e\u011finden ba\u011f\u0131ms\u0131z olarak de\u011ferlendirmek gerekir.<\/p>\n\n\n\n<p>Peki, bu durum yine de \u00fcz\u00fcc\u00fc m\u00fcd\u00fcr? Cephelerin k\u0131z\u0131\u015ft\u0131\u011f\u0131 ve Bat\u0131&#8217;n\u0131n bu durumu kendi lehine kullanmak istedi\u011fi mevcut ko\u015fullarda, elbette. Zira kamuoyunda cereyan eden tart\u0131\u015fmalar, ilerleyen sat\u0131rlarda detayland\u0131raca\u011f\u0131m\u0131z \u00fczere, asl\u0131nda Avrupa Birli\u011fi taraf\u0131ndan arzulanan bir sonucun \u00fcr\u00fcn\u00fc niteli\u011findedir.&nbsp;<\/p>\n\n\n\n<p><strong>T\u00fcrkiye&#8217;nin Tavr\u0131 ve Diplomatik Dengeler<\/strong><\/p>\n\n\n\n<p>Bu devletlerin ald\u0131\u011f\u0131 karara y\u00f6nelik rahats\u0131zl\u0131k, T\u00fcrkiye taraf\u0131ndan \u015fimdilik kulis arkas\u0131nda ilgili makamlara diplomatik kanallarla iletilmi\u015ftir. T\u00fcrkiye D\u0131\u015fi\u015fleri Bakan\u0131 Hakan Fidan, ge\u00e7en hafta d\u00fczenledi\u011fi bir bas\u0131n toplant\u0131s\u0131nda, bir gazetecinin sorusu \u00fczerine bu durumu bir &#8220;aile meselesi\u201c olarak g\u00f6rd\u00fcklerini, Br\u00fcksel&#8217;in \u0131srarla istedi\u011fi gibi kamuoyu \u00f6n\u00fcnde tart\u0131\u015fmaya a\u00e7mayacaklar\u0131n\u0131 a\u00e7\u0131k\u00e7a ifade etmi\u015ftir. Fidan, b\u00f6ylece hem net bir mesaj vermi\u015f hem de Bat\u0131&#8217;ya ince bir diplomatik uyar\u0131 g\u00f6ndermi\u015ftir.<\/p>\n\n\n\n<p>Esasen al\u0131nan bu karar, dikkatlice de\u011ferlendirildi\u011finde, KKTC&#8217;nin ileride tan\u0131nmas\u0131n\u0131n \u00f6n\u00fcnde bir engel olu\u015fturmamaktad\u0131r. Zaten Ada&#8217;da hedeflenen \u00e7\u00f6z\u00fcm modeli iki devletli yap\u0131d\u0131r ve bu model uluslararas\u0131 camiada kabul g\u00f6rd\u00fc\u011f\u00fcnde, T\u00fcrkiye de di\u011fer T\u00fcrk devletleri gibi bir g\u00fcn G\u00fcney K\u0131br\u0131s&#8217;\u0131 devlet olarak tan\u0131yacakt\u0131r. Nitekim G\u00fcney&#8217;deki y\u00f6netim, d\u00fcnya genelinde halihaz\u0131rda me\u015fru bir devlet olarak kabul edilmektedir. Ancak burada as\u0131l mesele, KKTC&#8217;nin tan\u0131nmas\u0131d\u0131r.<\/p>\n\n\n\n<p>Bu ba\u011flamda Cumhurba\u015fkan\u0131&nbsp;<a href=\"https:\/\/www.kibrispostasi.com\/keyword\/29\" target=\"_blank\" rel=\"noreferrer noopener\"><\/a><a href=\"https:\/\/www.kibrispostasi.com\/keyword\/29\" target=\"_blank\" rel=\"noreferrer noopener\"><\/a><a href=\"https:\/\/www.kibrispostasi.com\/keyword\/29\" target=\"_blank\" rel=\"noreferrer noopener\"><\/a><a href=\"https:\/\/www.kibrispostasi.com\/keyword\/29\" target=\"_blank\" rel=\"noreferrer noopener\">Ersin Tatar<\/a>&#8216;\u0131n son haftalarda T\u00fcrk devletlerine yapt\u0131g\u0131 \u00e7a\u011fr\u0131 \u00e7ok anlaml\u0131d\u0131r ve baz\u0131 \u00e7evrelerce iddia edildi\u011fi gibi kesinlikle afaki de\u011fildir: T\u00fcrk devletleri, G\u00fcney&#8217;de att\u0131klar\u0131 diplomatik ad\u0131mlar\u0131n yan\u0131nda, KKTC&#8217;de de bir el\u00e7ilik ya da en az\u0131ndan \u015fimdilik bir temsilcilik ofisi a\u00e7arak denge sa\u011flayabilirler. \u00dcstelik, Semerkant Zirvesi&#8217;nde kabul edilen \u00e7er\u00e7eve anla\u015fmalar dikkate al\u0131nd\u0131\u011f\u0131nda, b\u00f6yle bir ad\u0131m\u0131n \u00f6n\u00fcnde herhangi bir hukuki engel bulunmamaktad\u0131r.<\/p>\n\n\n\n<p><strong>Azerbaycan&#8217;\u0131n Rol\u00fc ve Olas\u0131 A\u00e7\u0131l\u0131mlar<\/strong><\/p>\n\n\n\n<p>Bu ba\u011flamda, Rusya-Ukrayna sava\u015f\u0131 ve cephelerin sertle\u015fmesi nedeniyle Avrupa Birli\u011fi ile son d\u00f6nemde olduk\u00e7a iyi ili\u015fkiler kuran Azerbaycan Cumhurba\u015fkan\u0131 \u0130lham Aliyev\u2019in, her zaman KKTC lehine verdi\u011fi destek mesajlar\u0131n\u0131 da hat\u0131rlamak gerekir. Azerbaycan&#8217;\u0131n, yakla\u015f\u0131k bir y\u0131l \u00f6nce kulislerde konu\u015fulmaya ba\u015flanan KKTC&#8217;de bir el\u00e7ilik a\u00e7ma plan\u0131 h\u00e2l\u00e2 g\u00fcndemdeki yerini korumaktad\u0131r. Aliyev ayr\u0131ca, \u00fclkesinin KKTC&#8217;yi er ya da ge\u00e7 tan\u0131yaca\u011f\u0131n\u0131 her f\u0131rsatta a\u00e7\u0131k bir \u015fekilde dile getirmektedir. Belki de Azerbaycan&#8217;\u0131n b\u00f6yle bir ad\u0131m\u0131 ilk olarak atmas\u0131, di\u011fer T\u00fcrk devletlerinin \u00e7ekimserliklerini a\u015farak daha cesur ad\u0131mlar atmalar\u0131na vesile olacakt\u0131r.&nbsp;<\/p>\n\n\n\n<p>Bunlar\u0131n yan\u0131 s\u0131ra unutulmamal\u0131d\u0131r ki, T\u00fcrkiye&#8217;nin m\u00fcttefik ve stratejik ortak olarak kabul etti\u011fi bir\u00e7ok \u00fclke ge\u00e7mi\u015fte hem uluslararas\u0131 dijital platformlar\u0131nda K\u0131br\u0131sl\u0131 T\u00fcrklere destek vermi\u015f, hem de KKTC&#8217;nin tan\u0131nmas\u0131na \u2014 \u015fimdilik s\u00f6zl\u00fc d\u00fczeyde de olsa \u2014 a\u00e7\u0131k bir \u015fekilde destek sunduklar\u0131n\u0131 ifade etmi\u015ftir. Bu duruma en g\u00fcncel \u00f6rnek, ge\u00e7ti\u011fimiz hafta Ankara&#8217;y\u0131 ziyaret eden Pakistan Ba\u015fbakan\u0131 \u015eahbaz \u015eerif&#8217;in destek a\u00e7\u0131klamalar\u0131nda g\u00f6r\u00fclm\u00fc\u015ft\u00fcr. Daha \u00f6nce de bir\u00e7ok farkl\u0131 \u00fclke lideri benzer destek mesajlar\u0131n\u0131 kamuoyuna yans\u0131tm\u0131\u015ft\u0131.<\/p>\n\n\n\n<p><strong>T\u00fcrk Devletleri Te\u015fkilat\u0131 ve KKTC<\/strong><\/p>\n\n\n\n<p>Dolay\u0131s\u0131yla, gerek sosyal medyada gerekse konvansiyonel medyada dola\u015fan bilgi kirlili\u011fine ra\u011fmen, KKTC&#8217;nin konumu ve uluslararas\u0131 tan\u0131nma bilinci a\u00e7\u0131s\u0131ndan kaybedilmi\u015f hi\u00e7bir \u015fey yoktur. Nitekim, s\u00f6z konusu T\u00fcrk devletlerin de \u00fcyesi oldu\u011fu T\u00fcrk Devletleri Te\u015fkilat\u0131 (TDT), KKTC&#8217;yi daha \u00f6nce g\u00f6zlemci \u00fcye olarak kabul etmi\u015f, ard\u0131ndan 6 Kas\u0131m 2024 tarihinde Bi\u015fkek&#8217;te d\u00fczenlenen 11. TDT Zirvesi&#8217;nde de, te\u015fkilat b\u00fcnyesinde kurulan Sivil Korunma Mekanizmas\u0131&#8217;na tam \u00fcye olarak dahil etmi\u015ftir. Bu geli\u015fme, KKTC&#8217;nin TDT i\u00e7erisindeki etkinli\u011fini art\u0131ran son derece \u00f6nemli bir ad\u0131m olarak de\u011ferlendirilmektedir.&nbsp;<\/p>\n\n\n\n<p>Ayr\u0131ca T\u00fcrkiye Cumhurba\u015fkan\u0131 Recep Tayyip Erdo\u011fan, KKTC&#8217;nin TDT&#8217;ye tam \u00fcyeli\u011finin hedeflendi\u011fini her f\u0131rsatta vurgulamakta olup, bu konunun May\u0131s ay\u0131nda yap\u0131lacak zirvede de g\u00fcndeme gelmesi beklenmektedir. \u00d6te yandan, TDT Aksakallar Konseyi&#8217;nin 17. toplant\u0131s\u0131n\u0131 KKTC&#8217;de d\u00fczenleme karar\u0131 almas\u0131, kamuoyundaki spek\u00fclasyonlara verilmi\u015f en net yan\u0131tlardan biri niteli\u011findedir.&nbsp;<\/p>\n\n\n\n<p><strong>Avrupa Birli\u011fi&#8217;nin Maskesi D\u00fc\u015f\u00fcyor: \u0130kiy\u00fczl\u00fcl\u00fc\u011f\u00fcn Anatomisi<\/strong><\/p>\n\n\n\n<p>Fakat son haftalarda ya\u015fanan geli\u015fmeler, baz\u0131 ger\u00e7ekleri yeniden g\u00fcn y\u00fcz\u00fcne \u00e7\u0131karm\u0131\u015f ve h\u00e2l\u00e2 durumu kavrayamayanlara a\u00e7\u0131klay\u0131c\u0131 bir f\u0131rsat sunmu\u015ftur. Avrupa Birli\u011fi&#8217;nin T\u00fcrk devletleriyle yapt\u0131\u011f\u0131 anla\u015fman\u0131n, ya\u015fanan tart\u0131\u015fmalardan da g\u00f6r\u00fclebilece\u011fi \u00fczere, ayn\u0131 zamanda TDT&#8217;yi zay\u0131flatmay\u0131 ama\u00e7layan bir giri\u015fim oldu\u011fu ortaya \u00e7\u0131km\u0131\u015ft\u0131r. \u00dclkemizde baz\u0131 \u00e7evrelerde iddia edilenin aksine, TDT&#8217;nin sahip oldu\u011fu y\u00fcksek potansiyel Bat\u0131 taraf\u0131ndan erken fark edilmi\u015f ve bu durum Br\u00fcksel cephesinde ciddi bir rahats\u0131zl\u0131\u011fa yol a\u00e7m\u0131\u015ft\u0131r. Buradan a\u00e7\u0131k\u00e7a anla\u015f\u0131lmaktad\u0131r ki Avrupa Birli\u011fi, ne T\u00fcrkiye&#8217;ye ne de KKTC&#8217;ye kar\u015f\u0131 hi\u00e7bir zaman samimi bir tutum i\u00e7erisinde olmam\u0131\u015ft\u0131r. Zaman zaman dile getirilen \u00f6vg\u00fcler ise \u00e7o\u011funlukla s\u00f6zde kalm\u0131\u015f; pratikte ise hi\u00e7bir somut ad\u0131mla desteklenmemi\u015ftir.&nbsp;<\/p>\n\n\n\n<p>\u00d6rne\u011fin, sava\u015f halinde olan, yolsuzlu\u011fun yayg\u0131nla\u015ft\u0131\u011f\u0131 ve t\u0131pk\u0131 2004 y\u0131l\u0131nda G\u00fcney K\u0131br\u0131s&#8217;\u0131n Avrupa Birli\u011fi&#8217;ne kabul\u00fc s\u00fcrecinde Kopenhag Kriterleri&#8217;ni hi\u00e7e sayarak kendi hukukunu \u00e7i\u011fnedi\u011fi gibi, bug\u00fcn de toprak b\u00fct\u00fcnl\u00fc\u011f\u00fcn\u00fc sa\u011flayamayan Ukrayna&#8217;y\u0131 \u00fcyeli\u011fe almak isteyen Br\u00fcksel, ayn\u0131 ilkeleri yine g\u00f6z ard\u0131 etmektedir. Buna kar\u015f\u0131n, yar\u0131m as\u0131rdan fazla bir s\u00fcredir kap\u0131s\u0131nda bekleyen T\u00fcrkiye\u2019yi h\u00e2l\u00e2 \u00fcyeli\u011fe kabul etmemi\u015f; 2016 y\u0131l\u0131nda m\u00fclteci geri kabul anla\u015fmas\u0131 kar\u015f\u0131l\u0131\u011f\u0131nda vaat etti\u011fi vize serbestisini ise bug\u00fcne dek uygulamaya koymam\u0131\u015ft\u0131r. \u00dcstelik bug\u00fcn dahi T\u00fcrkiye\u2019ye olan ihtiya\u00e7lar\u0131 a\u00e7\u0131k\u00e7a ortadayken, Ankara&#8217;ya y\u00f6nelik samimi bir ad\u0131m atmaktan imtina etmektedirler. Bunun ad\u0131 a\u00e7\u0131k\u00e7a \u00e7ifte standartt\u0131r. \u00dcstelik bu \u00e7ifte standard\u0131n gerek\u00e7esi, ge\u00e7mi\u015fte bir Frans\u0131z D\u0131\u015fi\u015fleri Bakan\u0131 taraf\u0131ndan T\u00fcrkiye Cumhurba\u015fkan\u0131\u2019na da a\u00e7\u0131k\u00e7a ifade edilmi\u015ftir:&#8221;Siz M\u00fcsl\u00fcmans\u0131n\u0131z, sizi Avrupa Birli\u011fi&#8217;ne almazlar.\u201c<\/p>\n\n\n\n<p>Yine bu nedenle Avrupa Birli\u011fi \u00e7evreleri, T\u00fcrkiye&#8217;de askeri tersaneler gibi stratejik projeleri durdurmak amac\u0131yla, gerek sivil toplum kurulu\u015flar\u0131 gerekse medya organlar\u0131 \u00fczerinden bask\u0131 olu\u015fturmu\u015f ve \u00fclkeyi adeta bir mozaik gibi b\u00f6lmek i\u00e7in &#8220;T\u00fcrkiyeli&#8221; kavram\u0131n\u0131 \u00f6ne s\u00fcrm\u00fc\u015flerdir. Oysa bug\u00fcn, s\u00f6m\u00fcrge ge\u00e7mi\u015fleri nedeniyle n\u00fcfuslar\u0131 son derece karma\u015f\u0131k olan Fransa&#8217;da kimse bir Frans\u0131z&#8217;a &#8220;Fransal\u0131&#8221;, bir Alman&#8217;a &#8220;Almanyal\u0131&#8221; dememektedir. Bu t\u00fcr bo\u015f s\u00f6ylemler kar\u015f\u0131s\u0131nda, son d\u00f6nemde yap\u0131lan kamuoyu ara\u015ft\u0131rmalar\u0131 T\u00fcrkiye halk\u0131n\u0131n art\u0131k Avrupa Birli\u011fi \u00fcyeli\u011fine eskisi kadar s\u0131cak bakmad\u0131\u011f\u0131n\u0131 a\u00e7\u0131k bir \u015fekilde ortaya koymaktad\u0131r.&nbsp;&nbsp;<\/p>\n\n\n\n<p>Avrupa Birli\u011fi&#8217;nin ayr\u0131mc\u0131 tutumu bununla da s\u0131n\u0131rl\u0131 kalmam\u0131\u015ft\u0131r. Br\u00fcksel, K\u0131br\u0131sl\u0131 T\u00fcrklere bug\u00fcne kadar verdi\u011fi hi\u00e7bir s\u00f6z\u00fc de yerine getirmemi\u015ftir. Zaman zaman, T\u00fcrkiye\u2019ye yak\u0131nla\u015fma \u00e7abalar\u0131 kapsam\u0131nda K\u0131br\u0131sl\u0131 T\u00fcrklerin ge\u00e7mi\u015fte ya\u015fad\u0131\u011f\u0131 trajedilere de\u011finen Avrupa Birli\u011fi yetkilileri, i\u015f somut ad\u0131mlar atmaya geldi\u011finde ise adeta \u00fc\u00e7 maymunu oynam\u0131\u015f ve Kuzey K\u0131br\u0131s&#8217;\u0131, Avrupa Konseyi ile Atina Y\u00fcksek Mahkemesi gibi kurumlar\u0131n kararlar\u0131na ra\u011fmen h\u00e2l\u00e2 &#8220;i\u015fgal edilmi\u015f toprak&#8221; olarak nitelendirmektedir.&nbsp;&nbsp; &nbsp;<\/p>\n\n\n\n<p>Oysa 2004 y\u0131l\u0131nda, K\u0131br\u0131sl\u0131 T\u00fcrkler, gelecekte do\u011fabilecek t\u00fcm belirsizliklere ra\u011fmen Annan Plan\u0131\u2019na evet diyerek \u00e7\u00f6z\u00fcm iradesini a\u00e7\u0131k\u00e7a ortaya koymu\u015flard\u0131. Avrupa Birli\u011fi ise bunun kar\u015f\u0131l\u0131\u011f\u0131nda, birli\u011fe tam \u00fcyelik, bir\u00e7ok projenin hayata ge\u00e7irilece\u011fi ve b\u00f6lgeye ciddi miktarda kaynak aktar\u0131laca\u011f\u0131 vaadinde bulunmu\u015ftu. Peki sonu\u00e7 ne oldu? K\u0131br\u0131sl\u0131 T\u00fcrkler verdikleri s\u00f6z\u00fc tutmalar\u0131na ra\u011fmen, Avrupa Birli\u011fi kanad\u0131ndan hi\u00e7bir somut ad\u0131m at\u0131lmad\u0131. Yani de\u011fi\u015fen hi\u00e7bir \u015fey olmad\u0131; yaln\u0131zca verilen s\u00f6zler havada kald\u0131.<\/p>\n\n\n\n<p>Peki, t\u00fcm bu ger\u00e7ekler ortadayken T\u00fcrk halk\u0131 Avrupa Birli\u011fi&#8217;ne nas\u0131l g\u00fcvenebilir? Avrupa Birli\u011fi&#8217;nin \u0131srarla federal \u00e7\u00f6z\u00fcm modelini dayatmas\u0131 ve T\u00fcrk devletleriyle yapt\u0131\u011f\u0131 anla\u015fmalar arac\u0131l\u0131\u011f\u0131yla bu \u00fclkelerden de benzer bir destek beklemesi, as\u0131l hedefin K\u0131br\u0131sl\u0131 T\u00fcrkleri zamanla yok etmek oldu\u011funu a\u00e7\u0131k\u00e7a ortaya koymaktad\u0131r. \u0130\u015fin en ac\u0131 taraf\u0131 ise, \u00fclkemizde baz\u0131 siyaset\u00e7ilerin, gerek Avrupa Birli\u011fi Komisyonu&#8217;nun gerekse bu birli\u011fin lokomotif \u00fclkelerinin kap\u0131lar\u0131n\u0131 a\u015f\u0131nd\u0131rarak, KKTC aleyhine ve T\u00fcrkiye kar\u015f\u0131t\u0131 s\u00f6ylemler geli\u015ftirip kendi devletlerini ac\u0131k\u00e7a karalamalar\u0131d\u0131r. Bu tabloyu tarif etmek i\u00e7in en hafif ifadeyle &#8220;yaz\u0131klar olsun&#8221; demekten ba\u015fka bir s\u00f6z bulunmamaktad\u0131r.<\/p>\n\n\n\n<p>Avrupa Birli\u011fi&#8217;nin ayr\u0131mc\u0131l\u0131\u011f\u0131 yaln\u0131zca devletler d\u00fczeyiyle de s\u0131n\u0131rl\u0131 de\u011fildir. Tatil yapmak, \u00e7al\u0131\u015fmak veya ya\u015famak amac\u0131yla Avrupa&#8217;ya giden bireyler de, g\u00fcnl\u00fck hayatlar\u0131nda bu ayr\u0131mc\u0131l\u0131\u011f\u0131 do\u011frudan deneyimleyebilirler. Ne yaz\u0131k ki, Avrupa\u2019da T\u00fcrk kimli\u011fine kar\u015f\u0131 ciddi bir alerji oldu\u011fu a\u00e7\u0131k\u00e7a g\u00f6zlemlenmektedir; bu ne bir varsay\u0131md\u0131r, ne de bir komplo teorisidir. Bizzat kendi tecr\u00fcbelerimle de bunu ya\u015fad\u0131m; ayr\u0131ca Avrupa&#8217;daki diplomatlar\u0131m\u0131z, \u00f6\u011frencilerimiz ve kanaat \u00f6nderlerimizle yapt\u0131\u011f\u0131m\u0131z g\u00f6r\u00fc\u015fmelerde onlar da bu durumu a\u00e7\u0131k bir \u015fekilde teyit etmi\u015flerdi.<\/p>\n\n\n\n<p>T\u00fcm bunlar ortadayken, yeniden Avrupa Birli\u011fi&#8217;nin Orta Asya&#8217;ya y\u00f6nelik hamlesine d\u00f6necek olursak, T\u00fcrkiye&#8217;deki baz\u0131 muhalif \u00e7evrelerin ve KKTC&#8217;deki kimi medya organlar\u0131n\u0131n, \u00f6zellikle K\u0131br\u0131s meselesi \u00fczerinden &#8220;TDT \u00e7\u00f6kt\u00fc&#8221; ve &#8220;\u0130ki devletli \u00e7\u00f6z\u00fcm hayal oldu&#8221; gibi s\u00f6ylemleri sevin\u00e7le \u00f6ne s\u00fcrmelerine de birka\u00e7 s\u00f6z\u00fcm\u00fcz olacak. Diyelim ki, objektif bir analiz yapm\u0131yor; siyasi g\u00f6r\u00fc\u015f\u00fcn\u00fcz ve ideolojiniz do\u011frultusunda Semerkant Zirvesi ba\u011flam\u0131ndaki geli\u015fmeleri kendi bak\u0131\u015f a\u00e7\u0131n\u0131zdan olumlu de\u011ferlendiriyor ve yorumlar\u0131n\u0131z\u0131 buna g\u00f6re \u015fekillendiriyorsunuz. Peki, strateji okumay\u0131 da m\u0131 bilmiyorsunuz? Yoksa bu s\u00f6ylemleriniz de bir stratejinin par\u00e7as\u0131 m\u0131?&nbsp;<\/p>\n\n\n\n<p><strong>T\u00fcrkiye Co\u011frafyan\u0131n Anahtar\u0131<\/strong><\/p>\n\n\n\n<p>Farz edelim ki, ortak tarih\u00ee ge\u00e7mi\u015fimizi ve genetik ba\u011flar\u0131m\u0131z\u0131 yok sayarak &#8220;T\u00fcrk devletleri KKTC&#8217;yi satt\u0131&#8221; gibi bir senaryoyu kabul ediyoruz. Peki, bu durumda T\u00fcrk devletleri ve Avrupa Birli\u011fi hedeflerine ula\u015fabilir mi? Elbette hay\u0131r. \u00c7\u00fcnk\u00fc g\u00fcn\u00fcn sonunda her iki taraf da T\u00fcrkiye&#8217;ye muhta\u00e7t\u0131r.&nbsp;<\/p>\n\n\n\n<p>Br\u00fcksel\u2019in Orta Asya\u2019ya y\u00f6nelik yat\u0131r\u0131mlar\u0131 yaln\u0131zca ekonomik \u00e7\u0131karlar ve TDT\u2019ye kar\u015f\u0131 bir hamle amac\u0131 ta\u015f\u0131mamakta; ayn\u0131 zamanda Rusya ve \u00c7in\u2019e kar\u015f\u0131 bir denge unsuru olu\u015fturmak ve \u00f6zellikle artan enerji talebini kar\u015f\u0131lamak i\u00e7in yap\u0131lmaktad\u0131r. Bat\u0131 kamuoyu ve Avrupa Birli\u011fi taraf\u0131ndan adeta \u015feytanla\u015ft\u0131r\u0131lan Rusya ise, mevcut ko\u015fullarda ne lojistikte, ne ticarette, ne de enerjide g\u00fcvenilir bir transit \u00fclke olabilmektedir. Bu durum, T\u00fcrkiye&#8217;nin co\u011frafi olarak bir\u00e7ok alanda vazge\u00e7ilmez bir konumda oldu\u011funu a\u00e7\u0131k\u00e7a ortaya koymaktad\u0131r. T\u00fcrkiye, iki taraf\u0131 birbirine ba\u011flayan, b\u00f6lgenin kilit \u00fclkesidir.<\/p>\n\n\n\n<p>Dolay\u0131s\u0131yla, Ankara&#8217;n\u0131n r\u0131zas\u0131 ve aktif kat\u0131l\u0131m\u0131 olmadan b\u00f6lgede, \u00f6zellikle de K\u0131br\u0131s meselesinde hi\u00e7bir oldu-bitti geli\u015femez. Nitekim \u00f6n\u00fcm\u00fczdeki g\u00fcnlerde a\u00e7\u0131lmas\u0131 planlanan Metehan&#8217;daki yeni devlet yerle\u015fkesi de, T\u00fcrkiye&#8217;nin b\u00f6lgedeki etkin rol\u00fcn\u00fc ve K\u0131br\u0131s meselesinde kararl\u0131l\u0131\u011f\u0131n\u0131 bir kez daha g\u00f6zler \u00f6n\u00fcne sermektedir.&nbsp;<\/p>\n\n\n\n<p><strong>Avrupa Birli\u011fi&#8217;nin \u0130\u00e7ten \u00c7\u00fcr\u00fcyen Yap\u0131s\u0131<\/strong><\/p>\n\n\n\n<p>T\u00fcm bunlara ek olarak, Avrupa Birli\u011fi&#8217;nin d\u0131\u015fa kar\u015f\u0131 aslan gibi k\u00fckredi\u011fine aldanmamak gerekir. ABD ile yollar\u0131 ayr\u0131ld\u0131\u011f\u0131nda, Avrupa Birli\u011fi&#8217;nin ger\u00e7ekte k\u00e2\u011f\u0131ttan bir aslan oldu\u011fu bir kez daha t\u00fcm d\u00fcnyaya a\u00e7\u0131k\u00e7a g\u00f6sterilmi\u015ftir. Zaten uzun s\u00fcredir, Avrupa \u00fclkelerinden bir\u00e7ok diplomat yurtd\u0131\u015f\u0131 ziyaretlerinde protokols\u00fcz kar\u015f\u0131lanmakta, bu da Avrupa Birli\u011fi&#8217;nin uluslararas\u0131 itibar\u0131 ciddi \u015fekilde zedelenmi\u015f oldu\u011funu g\u00f6stermektedir. \u00d6rne\u011fin bunun yan\u0131nda Fransa, Afrika \u00fclkeleri taraf\u0131ndan giderek daha fazla d\u0131\u015flanmakta ve b\u00f6lgedeki etkisini kaybetmektedir.<\/p>\n\n\n\n<p>T\u00fcm d\u00fcnyaya demokrasi dersi vermeye \u00e7al\u0131\u015fanlar, hem d\u0131\u015f politikada adil davranmad\u0131klar\u0131 hem de ge\u00e7mi\u015fte d\u00fcnya halklar\u0131n\u0131 s\u00f6m\u00fcrm\u00fc\u015f olduklar\u0131 i\u00e7in art\u0131k inand\u0131r\u0131c\u0131l\u0131klar\u0131n\u0131 b\u00fcy\u00fck \u00f6l\u00e7\u00fcde yitirmi\u015flerdir. Dahas\u0131, Avrupa Birli\u011fi&#8217;nin kendi i\u00e7 yap\u0131s\u0131n\u0131n da ger\u00e7ekten demokratik bir i\u015fleyi\u015ften uzak oldu\u011fu her ge\u00e7en g\u00fcn i\u00e7 karga\u015falar\u0131nda daha fazla if\u015fa olmaktad\u0131r.<\/p>\n\n\n\n<p>Dahas\u0131, bug\u00fcn Avrupa Birli\u011fi&#8217;nin ne ortak bir d\u0131\u015f politika vizyonu, ne ortak bir ordusu, ne de tam anlam\u0131yla i\u015fleyen bir savunma sistemi ve modern krizlere kar\u015f\u0131 etkili bir dayan\u0131kl\u0131l\u0131\u011f\u0131 vard\u0131r. Yani \u00f6zetle, bu yap\u0131 kendini bile organize etmekten aciz bir durumdad\u0131r. Bu nedenle, T\u00fcrk devletleriyle ilgili geli\u015fmelere gere\u011finden fazla anlam y\u00fcklememek gerekir. Kald\u0131 ki, \u00f6zellikle T\u00fcrkiye ve K\u0131br\u0131sl\u0131 T\u00fcrklere kar\u015f\u0131 Avrupa Birli\u011fi&#8217;nin att\u0131\u011f\u0131 bir\u00e7ok ad\u0131m, Yunanistan-Rum ikilisinin giri\u015fimleri sonucunda \u015fekillenmi\u015f, Br\u00fcksel bunlar y\u00fcz\u00fcnden yaln\u0131zca yak\u0131n tarihimize ve yan\u0131ba\u015f\u0131m\u0131zdaki denizlerde saha payla\u015f\u0131m\u0131 gerginliklerine bak\u0131ld\u0131\u011f\u0131nda bile kolayca anla\u015f\u0131labilece\u011fi \u00fczere, uluslararas\u0131 hukuku ihlal etmeye ve kendi kurucu anla\u015fmalar\u0131n\u0131n ruhuna ayk\u0131r\u0131 davranmaya s\u00fcr\u00fcklenmi\u015ftir.<\/p>\n\n\n\n<p>S\u00f6zde &#8220;medeniyetin be\u015fi\u011fi&#8221; olarak an\u0131lan Yunan-Rum ikilisi, Avrupa Birli\u011fi&#8217;nin lokomotif \u00fclkesi Almanya&#8217;n\u0131n eski Cumhurba\u015fkanlar\u0131ndan Karl Carstens&#8217;in 1980\u2019lerde, bir di\u011fer Alman Cumhurba\u015fkan\u0131 Christian Wulff&#8217;un ise 2010\u2019lu y\u0131llarda ifade etti\u011fi gibi, son y\u0131llarda ne yaz\u0131k ki iyice &#8220;Avrupa&#8217;n\u0131n \u015f\u0131mar\u0131k \u00e7ocu\u011fu&#8221; haline gelmi\u015ftir.&nbsp;<\/p>\n\n\n\n<p><strong>G\u00fcneyin Ger\u00e7ek Y\u00fcz\u00fc<\/strong><\/p>\n\n\n\n<p>Sicili kabar\u0131k ve neredeyse her hafta yeni bir gaf veya skandal a\u00e7\u0131klamaya imza atan Rum taraf\u0131na gelince; yaln\u0131zca Paskalya d\u00f6neminde verilen mesajlara bak\u0131ld\u0131\u011f\u0131nda bile, bu zihniyetle herhangi bir birle\u015fmenin asla m\u00fcmk\u00fcn olamayaca\u011f\u0131 a\u00e7\u0131k\u00e7a anla\u015f\u0131lmaktad\u0131r. \u00d6yle ki, Rum Ortodoks Kilisesi Ba\u015fpiskoposu Yeorgios, &#8220;Yunanistan, G\u00fcney K\u0131br\u0131s ve t\u00fcm Helenizm&#8217;in T\u00fcrkleri kovmak ve vatan\u0131 kurtarmak i\u00e7in ortak m\u00fccadele etmesi&#8221; \u00e7a\u011fr\u0131s\u0131nda bulunmu\u015ftur. \u00d6te yandan, G\u00fcney lideri Nikos Hristodulidis, Cenevre g\u00f6r\u00fc\u015fmesinin \u00fczerinden hen\u00fcz bir ay ge\u00e7mi\u015fken Paskalya mesaj\u0131nda, &#8220;\u0130\u015fgal duvar\u0131n\u0131 y\u0131kmaya y\u00f6nelik stratejimizin meyve vermeye ba\u015flad\u0131\u011f\u0131n\u0131&#8221; ifade etmi\u015ftir. \u00dcstelik bununla da kal\u0131nmam\u0131\u015f; G\u00fcney K\u0131br\u0131s&#8217;ta EOKA benzeri yeni silahl\u0131 olu\u015fumlar\u0131n ortaya \u00e7\u0131kt\u0131\u011f\u0131na dair ciddi bulgular g\u00fcndeme gelmi\u015f, buna ra\u011fmen Rum h\u00fck\u00fcmeti sessizli\u011fini korumu\u015ftur.<\/p>\n\n\n\n<p>T\u00fcm bu geli\u015fmelere ra\u011fmen h\u00e2l\u00e2, Rum taraf\u0131n\u0131n bu tutumunu basit bir &#8220;densizlik&#8221; olarak niteleyip, T\u00fcrkiye&#8217;yi bu topraklarda &#8220;i\u015fgalci&#8221; ilan ederek &#8220;\u00fclkeden \u00e7ekip gitmesini&#8221; isteyen ve G\u00fcney ile birle\u015fmeyi savunan k\u00fc\u00e7\u00fck bir az\u0131nl\u0131k gruba s\u00f6ylenecek art\u0131k hi\u00e7bir s\u00f6z kalmam\u0131\u015ft\u0131r. Bu durum art\u0131k sosyoloji ve psikoloji biliminin konusu haline gelmi\u015ftir; \u00e7\u00fcnk\u00fc burada ne rasyonel bir a\u00e7\u0131klama yap\u0131labilir ne de siyaset bilimi \u00e7er\u00e7evesinde izah edilebilecek bir tutarl\u0131l\u0131k bulunabilir.&nbsp;<\/p>\n\n\n\n<p>\u0130ster mecliste var g\u00fc\u00e7leriyle ba\u011f\u0131rs\u0131nlar, ister sokaklar\u0131 ate\u015fe versinler; sonu\u00e7 de\u011fi\u015fmeyecektir. T\u0131pk\u0131, kritik konularda uluslararas\u0131 toplant\u0131lara davet edilmeyen Yunanistan ve G\u00fcney K\u0131br\u0131s \u00f6rneklerinde oldu\u011fu gibi, bu zihniyet sahipleri de zamanla etkilerini daha da yitirerek tarihin tozlu sayfalar\u0131na kar\u0131\u015facaklard\u0131r.&nbsp;<\/p>\n\n\n\n<p><strong><a href=\"https:\/\/www.kibrispostasi.com\/keyword\/4\" target=\"_blank\" rel=\"noreferrer noopener\"><\/a><a href=\"https:\/\/www.kibrispostasi.com\/keyword\/4\" target=\"_blank\" rel=\"noreferrer noopener\"><\/a><a href=\"https:\/\/www.kibrispostasi.com\/keyword\/4\" target=\"_blank\" rel=\"noreferrer noopener\">Serdar Denkta\u015f<\/a>\u2019\u0131n S\u00f6zleri \u00dczerine<\/strong><\/p>\n\n\n\n<p>Yaz\u0131y\u0131 bitirmeden \u00f6nce bir konuya daha de\u011finmek isterim: Deneyimli siyaset\u00e7i&nbsp;<a href=\"https:\/\/www.kibrispostasi.com\/keyword\/4\" target=\"_blank\" rel=\"noreferrer noopener\"><\/a><a href=\"https:\/\/www.kibrispostasi.com\/keyword\/4\" target=\"_blank\" rel=\"noreferrer noopener\"><\/a><a href=\"https:\/\/www.kibrispostasi.com\/keyword\/4\" target=\"_blank\" rel=\"noreferrer noopener\">Serdar Denkta\u015f<\/a>\u2019\u0131n yeniden aktif siyasete d\u00f6nece\u011fini kamuoyuyla birlikte bizler de \u00f6\u011frendik. Kendisine hay\u0131rl\u0131 olsun dileklerimizi iletiyoruz. Ancak Say\u0131n Denkta\u015f\u2019\u0131n son haftalarda prim kazanmak amac\u0131yla T\u00fcrkiye&#8217;ye y\u00f6nelik s\u00f6z d\u00fcellosuna girmesi, inan\u0131yorum ki hem K\u0131br\u0131s T\u00fcrk halk\u0131n\u0131 hem de T\u00fcrkiye ile kader birli\u011fi yapt\u0131\u011f\u0131n\u0131 vurgulayan merhum Rauf Denkta\u015f\u2019\u0131n miras\u0131na sahip \u00e7\u0131kan herkesi derinden \u00fczm\u00fc\u015ft\u00fcr.&nbsp;<\/p>\n\n\n\n<p>Say\u0131n Denkta\u015f\u2019\u0131n &#8220;K\u0131br\u0131sl\u0131lar\u0131n K\u0131br\u0131s&#8217;tan gidecek ba\u015fka yeri yok&#8221; \u015feklindeki son a\u00e7\u0131klamas\u0131na gelince. Say\u0131n Denkta\u015f, zaten K\u0131br\u0131sl\u0131 T\u00fcrklerin ba\u015fka bir yere gitmemesi i\u00e7in T\u00fcrkiye bu Ada\u2019dad\u0131r. E\u011fer burada bir d\u00fc\u015fman aranacaksa, bunun cevab\u0131 yukar\u0131da detayl\u0131 \u015fekilde a\u00e7\u0131kland\u0131\u011f\u0131 \u00fczere bellidir.&nbsp;<\/p>\n\n\n\n<p>Ayr\u0131ca her \u015feyden \u00f6te, T\u00fcrkiye tarihten bu yana K\u0131br\u0131sl\u0131 T\u00fcrklerin \u00f6z vatan\u0131 olmu\u015ftur. Bu y\u00fczden g\u00fcn\u00fcm\u00fczde de Tu\u011frul T\u00fcrke\u015f ve Alp Denkta\u015f gibi bir\u00e7ok de\u011ferli \u015fahsiyet, sadece KKTC i\u00e7in de\u011fil, ayn\u0131 zamanda T\u00fcrkiye i\u00e7in de y\u0131lmadan \u00e7al\u0131\u015fmalar\u0131n\u0131 s\u00fcrd\u00fcrmektedir.<\/p>\n\n\n\n<p>Bu nedenle, son a\u00e7\u0131klamalar\u0131n\u0131z ne yaz\u0131k ki talihsiz olmu\u015ftur. \u00dclke genelinde bak\u0131ld\u0131\u011f\u0131nda ise, baz\u0131 beyanlar\u0131n ve propagandalar\u0131n son haftalarda iyice pervas\u0131zla\u015ft\u0131\u011f\u0131 a\u00e7\u0131k\u00e7a g\u00f6r\u00fclmektedir. Kimi \u00e7evreler sa\u011fduyu ve ger\u00e7eklikten tamamen kopmu\u015f durumdad\u0131r. Ancak art\u0131k yeter! Beyler, t\u00fcm bu safsatay\u0131 bir kenara b\u0131rak\u0131p art\u0131k kendimize gelelim! Bu \u00fclkenin, b\u00f6ylesine gereksiz tart\u0131\u015fmalarla daha fazla kaybedecek vakti yoktur. \u00dclkenin \u00f6n\u00fcnde \u00e7\u00f6z\u00fclmeyi ve projelendirmeyi bekleyen bir\u00e7ok sorun durmaktad\u0131r.<\/p>\n\n\n\n<p>Ve inan\u0131yorum ki bu halk, her \u015feye ra\u011fmen, tarihten ald\u0131\u011f\u0131 g\u00fc\u00e7, ge\u00e7mi\u015ften gelen karde\u015flik ba\u011flar\u0131 ve ortak hedefler do\u011frultusunda, Ankara ile birlikte kararl\u0131l\u0131kla yoluna devam edecektir. Bug\u00fcn her zamankinden daha fazla birli\u011fe, beraberli\u011fe ve akl\u0131selime ihtiyac\u0131m\u0131z vard\u0131r. Bu hafta \u00fclkemizde d\u00fczenlenecek olan &#8220;TEKNOFEST KKTC&#8221; de, bu birlik ve dayan\u0131\u015fma ruhunun yeniden peki\u015fmesi i\u00e7in g\u00fczel bir vesile olacakt\u0131r.<\/p>\n\n\n\n<p>Bu duygu ve d\u00fc\u015f\u00fcncelerle, ge\u00e7ti\u011fimiz hafta \u0130stanbul\u2019da meydana gelen depremi ya\u015fayan herkese ge\u00e7mi\u015f olsun dileklerimi iletiyorum.<\/p>\n\n\n\n<p>*****<br><br><strong>&#8220;\u0130ki y\u00fczl\u00fcl\u00fck, k\u00f6t\u00fcl\u00fc\u011f\u00fcn fazilete duydu\u011fu sayg\u0131d\u0131r.&#8221;<\/strong><\/p>\n\n\n\n<p>\u2014 Fran\u00e7ois de La Rochefoucauld<\/p>\n\n\n\n<p><strong><a href=\"https:\/\/www.kibrispostasi.com\/c1-KIBRIS_POSTASI_GAZETESI\/j2669\/a42198-kendimize-gelelim\" data-type=\"link\" data-id=\"https:\/\/www.kibrispostasi.com\/c1-KIBRIS_POSTASI_GAZETESI\/j2669\/a42198-kendimize-gelelim\">K\u0131br\u0131s Postas\u0131<\/a><\/strong><\/p>\n\n\n\n<p><\/p>","protected":false},"excerpt":{"rendered":"<p>De\u011ferli okurlar, birka\u00e7 haftal\u0131k aran\u0131n ard\u0131ndan yeniden bu k\u00f6\u015fede sizlerle bulu\u015fman\u0131n mutlulu\u011funu ya\u015f\u0131yorum. \u00dclke g\u00fcndemini adeta esir alan ba\u015f\u00f6rt\u00fcs\u00fc meselesine [&hellip;]<\/p>\n","protected":false},"author":2,"featured_media":2961,"comment_status":"open","ping_status":"open","sticky":false,"template":"","format":"standard","meta":{"om_disable_all_campaigns":false,"_uf_show_specific_survey":0,"_uf_disable_surveys":false,"site-sidebar-layout":"default","site-content-layout":"","ast-site-content-layout":"default","site-content-style":"default","site-sidebar-style":"default","ast-global-header-display":"","ast-banner-title-visibility":"","ast-main-header-display":"","ast-hfb-above-header-display":"","ast-hfb-below-header-display":"","ast-hfb-mobile-header-display":"","site-post-title":"","ast-breadcrumbs-content":"","ast-featured-img":"","footer-sml-layout":"","ast-disable-related-posts":"","theme-transparent-header-meta":"","adv-header-id-meta":"","stick-header-meta":"","header-above-stick-meta":"","header-main-stick-meta":"","header-below-stick-meta":"","astra-migrate-meta-layouts":"default","ast-page-background-enabled":"default","ast-page-background-meta":{"desktop":{"background-color":"var(--ast-global-color-4)","background-image":"","background-repeat":"repeat","background-position":"center center","background-size":"auto","background-attachment":"scroll","background-type":"","background-media":"","overlay-type":"","overlay-color":"","overlay-opacity":"","overlay-gradient":""},"tablet":{"background-color":"","background-image":"","background-repeat":"repeat","background-position":"center center","background-size":"auto","background-attachment":"scroll","background-type":"","background-media":"","overlay-type":"","overlay-color":"","overlay-opacity":"","overlay-gradient":""},"mobile":{"background-color":"","background-image":"","background-repeat":"repeat","background-position":"center center","background-size":"auto","background-attachment":"scroll","background-type":"","background-media":"","overlay-type":"","overlay-color":"","overlay-opacity":"","overlay-gradient":""}},"ast-content-background-meta":{"desktop":{"background-color":"var(--ast-global-color-5)","background-image":"","background-repeat":"repeat","background-position":"center center","background-size":"auto","background-attachment":"scroll","background-type":"","background-media":"","overlay-type":"","overlay-color":"","overlay-opacity":"","overlay-gradient":""},"tablet":{"background-color":"var(--ast-global-color-5)","background-image":"","background-repeat":"repeat","background-position":"center center","background-size":"auto","background-attachment":"scroll","background-type":"","background-media":"","overlay-type":"","overlay-color":"","overlay-opacity":"","overlay-gradient":""},"mobile":{"background-color":"var(--ast-global-color-5)","background-image":"","background-repeat":"repeat","background-position":"center center","background-size":"auto","background-attachment":"scroll","background-type":"","background-media":"","overlay-type":"","overlay-color":"","overlay-opacity":"","overlay-gradient":""}},"footnotes":""},"categories":[31],"tags":[],"class_list":["post-2960","post","type-post","status-publish","format-standard","has-post-thumbnail","hentry","category-kose-yazilari"],"_links":{"self":[{"href":"https:\/\/kaancenkadasoy.com\/en\/wp-json\/wp\/v2\/posts\/2960","targetHints":{"allow":["GET"]}}],"collection":[{"href":"https:\/\/kaancenkadasoy.com\/en\/wp-json\/wp\/v2\/posts"}],"about":[{"href":"https:\/\/kaancenkadasoy.com\/en\/wp-json\/wp\/v2\/types\/post"}],"author":[{"embeddable":true,"href":"https:\/\/kaancenkadasoy.com\/en\/wp-json\/wp\/v2\/users\/2"}],"replies":[{"embeddable":true,"href":"https:\/\/kaancenkadasoy.com\/en\/wp-json\/wp\/v2\/comments?post=2960"}],"version-history":[{"count":1,"href":"https:\/\/kaancenkadasoy.com\/en\/wp-json\/wp\/v2\/posts\/2960\/revisions"}],"predecessor-version":[{"id":2962,"href":"https:\/\/kaancenkadasoy.com\/en\/wp-json\/wp\/v2\/posts\/2960\/revisions\/2962"}],"wp:featuredmedia":[{"embeddable":true,"href":"https:\/\/kaancenkadasoy.com\/en\/wp-json\/wp\/v2\/media\/2961"}],"wp:attachment":[{"href":"https:\/\/kaancenkadasoy.com\/en\/wp-json\/wp\/v2\/media?parent=2960"}],"wp:term":[{"taxonomy":"category","embeddable":true,"href":"https:\/\/kaancenkadasoy.com\/en\/wp-json\/wp\/v2\/categories?post=2960"},{"taxonomy":"post_tag","embeddable":true,"href":"https:\/\/kaancenkadasoy.com\/en\/wp-json\/wp\/v2\/tags?post=2960"}],"curies":[{"name":"wp","href":"https:\/\/api.w.org\/{rel}","templated":true}]}}